{"id":1007,"date":"2015-04-29T10:11:17","date_gmt":"2015-04-29T10:11:17","guid":{"rendered":"http:\/\/graenaorkan.is\/?p=1007"},"modified":"2015-04-29T10:12:32","modified_gmt":"2015-04-29T10:12:32","slug":"hyundai-i-svithjod-framleidir-hladvorp-um-vetni","status":"publish","type":"post","link":"https:\/\/graenaorkan.is\/?p=1007","title":{"rendered":"Hyundai \u00ed Sv\u00ed\u00fej\u00f3\u00f0 framlei\u00f0ir hla\u00f0v\u00f6rp um vetni"},"content":{"rendered":"<p>\u00c1 m\u00e1nudaginn var frumflutti Hyundai \u00ed Sv\u00ed\u00fej\u00f3\u00f0 fyrsta hla\u00f0varp (<em>e. podcast<\/em>) sitt um vetni. Tilgangurinn me\u00f0 \u00fev\u00ed a\u00f0 bj\u00f3\u00f0a upp \u00e1 fr\u00e6\u00f0slu um vetni sem orkubera er a\u00f0 auka \u00feekkingu almennings og uppr\u00e6ta \u00fdmsar m\u00fdtur sem fylgt hafa umr\u00e6\u00f0u um t\u00e6knina. Hla\u00f0v\u00f6rpin ver\u00f0a t\u00edu talsins og mun stj\u00f3rnandinn, Mattias Goldmann, r\u00e6\u00f0a vi\u00f0 v\u00edsindamenn, stj\u00f3rnm\u00e1lamenn og \u00fdmsa s\u00e9rfr\u00e6\u00f0inga um m\u00f6guleika \u00e1 notkun vetnis \u00ed dag, me\u00f0 \u00fea\u00f0 fyrir augum a\u00f0 draga \u00far \u00fatbl\u00e6stri gr\u00f3\u00f0urh\u00fasalofttegunda.<\/p>\n<p><a href=\"https:\/\/itunes.apple.com\/se\/podcast\/vatgaspodden\/id987373994?l=en\">H\u00e9r<\/a>\u00a0m\u00e1 hl\u00fd\u00f0a \u00e1 fyrstu tv\u00f6 hla\u00f0v\u00f6rpin.<\/p>\n","protected":false},"excerpt":{"rendered":"<p>\u00c1 m\u00e1nudaginn var frumflutti Hyundai \u00ed Sv\u00ed\u00fej\u00f3\u00f0 fyrsta hla\u00f0varp (e. podcast) sitt um vetni. Tilgangurinn me\u00f0 \u00fev\u00ed a\u00f0 bj\u00f3\u00f0a upp \u00e1 fr\u00e6\u00f0slu um vetni sem orkubera er a\u00f0 auka \u00feekkingu almennings og uppr\u00e6ta \u00fdmsar m\u00fdtur sem fylgt hafa umr\u00e6\u00f0u um &hellip; <a href=\"https:\/\/graenaorkan.is\/?p=1007\">Continue reading <span class=\"meta-nav\">&rarr;<\/span><\/a><\/p>\n","protected":false},"author":5,"featured_media":0,"comment_status":"open","ping_status":"open","sticky":false,"template":"","format":"standard","meta":[],"categories":[10,11],"tags":[],"_links":{"self":[{"href":"https:\/\/graenaorkan.is\/index.php?rest_route=\/wp\/v2\/posts\/1007"}],"collection":[{"href":"https:\/\/graenaorkan.is\/index.php?rest_route=\/wp\/v2\/posts"}],"about":[{"href":"https:\/\/graenaorkan.is\/index.php?rest_route=\/wp\/v2\/types\/post"}],"author":[{"embeddable":true,"href":"https:\/\/graenaorkan.is\/index.php?rest_route=\/wp\/v2\/users\/5"}],"replies":[{"embeddable":true,"href":"https:\/\/graenaorkan.is\/index.php?rest_route=%2Fwp%2Fv2%2Fcomments&post=1007"}],"version-history":[{"count":3,"href":"https:\/\/graenaorkan.is\/index.php?rest_route=\/wp\/v2\/posts\/1007\/revisions"}],"predecessor-version":[{"id":1009,"href":"https:\/\/graenaorkan.is\/index.php?rest_route=\/wp\/v2\/posts\/1007\/revisions\/1009"}],"wp:attachment":[{"href":"https:\/\/graenaorkan.is\/index.php?rest_route=%2Fwp%2Fv2%2Fmedia&parent=1007"}],"wp:term":[{"taxonomy":"category","embeddable":true,"href":"https:\/\/graenaorkan.is\/index.php?rest_route=%2Fwp%2Fv2%2Fcategories&post=1007"},{"taxonomy":"post_tag","embeddable":true,"href":"https:\/\/graenaorkan.is\/index.php?rest_route=%2Fwp%2Fv2%2Ftags&post=1007"}],"curies":[{"name":"wp","href":"https:\/\/api.w.org\/{rel}","templated":true}]}}