{"id":1013,"date":"2015-05-04T11:14:53","date_gmt":"2015-05-04T11:14:53","guid":{"rendered":"http:\/\/graenaorkan.is\/?p=1013"},"modified":"2015-05-04T11:14:53","modified_gmt":"2015-05-04T11:14:53","slug":"bilar-leigdir-til-skamms-tima-i-fyrsta-skipti-a-islandi","status":"publish","type":"post","link":"https:\/\/graenaorkan.is\/?p=1013","title":{"rendered":"B\u00edlar leig\u00f0ir til skamms t\u00edma \u00ed fyrsta skipti \u00e1 \u00cdslandi"},"content":{"rendered":"<p>B\u00edlaleigan Avis mun von br\u00e1\u00f0ar, \u00ed samstarfi vi\u00f0 H\u00f6f\u00f0atorg, bj\u00f3\u00f0a upp \u00e1 b\u00edla til skammt\u00edmaafnota. \u00deetta er n\u00fdjung \u00e1 b\u00edlaleigumarka\u00f0i h\u00e9r \u00e1 landi sem \u00e1 s\u00e9r erlenda fyrirmynd. Starfsf\u00f3lk H\u00f6f\u00f0atorgs mun geta panta\u00f0 b\u00edl \u00e1 netinu e\u00f0a me\u00f0 sm\u00e1forriti \u00ed s\u00edmanum en til a\u00f0 geta n\u00fdtt s\u00e9r \u00fej\u00f3nustuna \u00feurfa notendur a\u00f0 skr\u00e1 sig \u00ed \u00e1skrift hj\u00e1 Snattb\u00edlum.<\/p>\n<p>Sj\u00e1 n\u00e1nar \u00ed <a href=\"http:\/\/www.vb.is\/frettir\/116615\/\">fr\u00e9tt<\/a> Vi\u00f0skiptabla\u00f0sins og Facebook <a href=\"https:\/\/www.facebook.com\/Snattbilar\">s\u00ed\u00f0u<\/a> Snattb\u00edla.<\/p>\n","protected":false},"excerpt":{"rendered":"<p>B\u00edlaleigan Avis mun von br\u00e1\u00f0ar, \u00ed samstarfi vi\u00f0 H\u00f6f\u00f0atorg, bj\u00f3\u00f0a upp \u00e1 b\u00edla til skammt\u00edmaafnota. \u00deetta er n\u00fdjung \u00e1 b\u00edlaleigumarka\u00f0i h\u00e9r \u00e1 landi sem \u00e1 s\u00e9r erlenda fyrirmynd. Starfsf\u00f3lk H\u00f6f\u00f0atorgs mun geta panta\u00f0 b\u00edl \u00e1 netinu e\u00f0a me\u00f0 sm\u00e1forriti \u00ed &hellip; <a href=\"https:\/\/graenaorkan.is\/?p=1013\">Continue reading <span class=\"meta-nav\">&rarr;<\/span><\/a><\/p>\n","protected":false},"author":5,"featured_media":0,"comment_status":"open","ping_status":"open","sticky":false,"template":"","format":"standard","meta":[],"categories":[3,18],"tags":[],"_links":{"self":[{"href":"https:\/\/graenaorkan.is\/index.php?rest_route=\/wp\/v2\/posts\/1013"}],"collection":[{"href":"https:\/\/graenaorkan.is\/index.php?rest_route=\/wp\/v2\/posts"}],"about":[{"href":"https:\/\/graenaorkan.is\/index.php?rest_route=\/wp\/v2\/types\/post"}],"author":[{"embeddable":true,"href":"https:\/\/graenaorkan.is\/index.php?rest_route=\/wp\/v2\/users\/5"}],"replies":[{"embeddable":true,"href":"https:\/\/graenaorkan.is\/index.php?rest_route=%2Fwp%2Fv2%2Fcomments&post=1013"}],"version-history":[{"count":1,"href":"https:\/\/graenaorkan.is\/index.php?rest_route=\/wp\/v2\/posts\/1013\/revisions"}],"predecessor-version":[{"id":1014,"href":"https:\/\/graenaorkan.is\/index.php?rest_route=\/wp\/v2\/posts\/1013\/revisions\/1014"}],"wp:attachment":[{"href":"https:\/\/graenaorkan.is\/index.php?rest_route=%2Fwp%2Fv2%2Fmedia&parent=1013"}],"wp:term":[{"taxonomy":"category","embeddable":true,"href":"https:\/\/graenaorkan.is\/index.php?rest_route=%2Fwp%2Fv2%2Fcategories&post=1013"},{"taxonomy":"post_tag","embeddable":true,"href":"https:\/\/graenaorkan.is\/index.php?rest_route=%2Fwp%2Fv2%2Ftags&post=1013"}],"curies":[{"name":"wp","href":"https:\/\/api.w.org\/{rel}","templated":true}]}}