{"id":1015,"date":"2015-05-07T12:52:33","date_gmt":"2015-05-07T12:52:33","guid":{"rendered":"http:\/\/graenaorkan.is\/?p=1015"},"modified":"2015-05-07T12:53:59","modified_gmt":"2015-05-07T12:53:59","slug":"esb-styrkir-verkefni-um-staerstu","status":"publish","type":"post","link":"https:\/\/graenaorkan.is\/?p=1015","title":{"rendered":"ESB styrkir verkefni um \u00fer\u00f3un st\u00f3rrar rafmagnsferju"},"content":{"rendered":"<p>Evr\u00f3pusambandi\u00f0 mun taka \u00fe\u00e1tt \u00ed fj\u00e1rm\u00f6gnun verkefnis sem gengur \u00fat \u00e1 a\u00f0 \u00fer\u00f3a fyrstu ferju heims af mi\u00f0lungs st\u00e6r\u00f0 sem gengur eing\u00f6ngu fyrir rafmagni. Ferjan mun ganga fyrir tveimur rafhl\u00f6\u00f0um sem samtals gefa orku upp \u00e1 3800 k\u00edl\u00f3vattstundir. Tveir rafm\u00f3torar munu hvor um sig gefa 750 kW.<\/p>\n<p>Verkefni\u00f0, sem nefnist e-Ferry, er samstarf danskra, norskra og gr\u00edskra a\u00f0ila og hlaut n\u00fdveri\u00f0 16 millj\u00f3n evra styrk fr\u00e1 ESB. \u00c1\u00e6tla\u00f0 er a\u00f0 ferjan ver\u00f0i tilb\u00fain \u00e1ri\u00f0 2017 og muni ferja b\u00edla og far\u00feega milli \u00c6r\u00f6 eyju og meginlands Danmerkur.<\/p>\n<p>Sj\u00e1 n\u00e1nar \u00ed fr\u00e9tt the <a href=\"http:\/\/www.maritime-executive.com\/article\/eu-ferry-to-set-battery-record\">Maritime Executive<\/a>.<\/p>\n","protected":false},"excerpt":{"rendered":"<p>Evr\u00f3pusambandi\u00f0 mun taka \u00fe\u00e1tt \u00ed fj\u00e1rm\u00f6gnun verkefnis sem gengur \u00fat \u00e1 a\u00f0 \u00fer\u00f3a fyrstu ferju heims af mi\u00f0lungs st\u00e6r\u00f0 sem gengur eing\u00f6ngu fyrir rafmagni. Ferjan mun ganga fyrir tveimur rafhl\u00f6\u00f0um sem samtals gefa orku upp \u00e1 3800 k\u00edl\u00f3vattstundir. Tveir rafm\u00f3torar &hellip; <a href=\"https:\/\/graenaorkan.is\/?p=1015\">Continue reading <span class=\"meta-nav\">&rarr;<\/span><\/a><\/p>\n","protected":false},"author":5,"featured_media":0,"comment_status":"open","ping_status":"open","sticky":false,"template":"","format":"standard","meta":[],"categories":[10,19,18],"tags":[],"_links":{"self":[{"href":"https:\/\/graenaorkan.is\/index.php?rest_route=\/wp\/v2\/posts\/1015"}],"collection":[{"href":"https:\/\/graenaorkan.is\/index.php?rest_route=\/wp\/v2\/posts"}],"about":[{"href":"https:\/\/graenaorkan.is\/index.php?rest_route=\/wp\/v2\/types\/post"}],"author":[{"embeddable":true,"href":"https:\/\/graenaorkan.is\/index.php?rest_route=\/wp\/v2\/users\/5"}],"replies":[{"embeddable":true,"href":"https:\/\/graenaorkan.is\/index.php?rest_route=%2Fwp%2Fv2%2Fcomments&post=1015"}],"version-history":[{"count":3,"href":"https:\/\/graenaorkan.is\/index.php?rest_route=\/wp\/v2\/posts\/1015\/revisions"}],"predecessor-version":[{"id":1018,"href":"https:\/\/graenaorkan.is\/index.php?rest_route=\/wp\/v2\/posts\/1015\/revisions\/1018"}],"wp:attachment":[{"href":"https:\/\/graenaorkan.is\/index.php?rest_route=%2Fwp%2Fv2%2Fmedia&parent=1015"}],"wp:term":[{"taxonomy":"category","embeddable":true,"href":"https:\/\/graenaorkan.is\/index.php?rest_route=%2Fwp%2Fv2%2Fcategories&post=1015"},{"taxonomy":"post_tag","embeddable":true,"href":"https:\/\/graenaorkan.is\/index.php?rest_route=%2Fwp%2Fv2%2Ftags&post=1015"}],"curies":[{"name":"wp","href":"https:\/\/api.w.org\/{rel}","templated":true}]}}