{"id":1020,"date":"2015-05-08T10:30:32","date_gmt":"2015-05-08T10:30:32","guid":{"rendered":"http:\/\/graenaorkan.is\/?p=1020"},"modified":"2015-05-08T10:30:32","modified_gmt":"2015-05-08T10:30:32","slug":"fyrsti-metanbill-skoda-afhentur","status":"publish","type":"post","link":"https:\/\/graenaorkan.is\/?p=1020","title":{"rendered":"Fyrsti metanb\u00edll Skoda afhentur"},"content":{"rendered":"<p>N\u00fa fyrir stuttu afhenti Hekla fyrstu Skoda Octavia G-Tec bifrei\u00f0 s\u00edna, sem gengur b\u00e6\u00f0i fyrir metani og bens\u00edni. B\u00edllinn er me\u00f0 \u00ferj\u00e1 eldsneytistanka og kemst allt a\u00f0 1330 km \u00e1n \u00feess a\u00f0 \u00feurfa \u00e1fyllingu. Hann er mj\u00f6g umhverfisv\u00e6nn og \u00fev\u00ed undan\u00feeginn v\u00f6rugj\u00f6ldum: n\u00fdr metanb\u00edll Heklu er hagkv\u00e6mur \u00ed innkaupum og rekstri.<\/p>\n<p>Sj\u00e1 frekar \u00ed fr\u00e9tt <a href=\"http:\/\/www.mbl.is\/bill\/frettir\/2015\/05\/07\/octavia_g_tec_metanbill_afhentur\/\">mbl.is<\/a> og hj\u00e1 <a href=\"http:\/\/www.skoda.is\/models\/octavia-g-tec\/yfirlit\">Heklu<\/a>.<\/p>\n","protected":false},"excerpt":{"rendered":"<p>N\u00fa fyrir stuttu afhenti Hekla fyrstu Skoda Octavia G-Tec bifrei\u00f0 s\u00edna, sem gengur b\u00e6\u00f0i fyrir metani og bens\u00edni. B\u00edllinn er me\u00f0 \u00ferj\u00e1 eldsneytistanka og kemst allt a\u00f0 1330 km \u00e1n \u00feess a\u00f0 \u00feurfa \u00e1fyllingu. Hann er mj\u00f6g umhverfisv\u00e6nn og \u00fev\u00ed &hellip; <a href=\"https:\/\/graenaorkan.is\/?p=1020\">Continue reading <span class=\"meta-nav\">&rarr;<\/span><\/a><\/p>\n","protected":false},"author":5,"featured_media":0,"comment_status":"open","ping_status":"open","sticky":false,"template":"","format":"standard","meta":[],"categories":[3,8],"tags":[],"_links":{"self":[{"href":"https:\/\/graenaorkan.is\/index.php?rest_route=\/wp\/v2\/posts\/1020"}],"collection":[{"href":"https:\/\/graenaorkan.is\/index.php?rest_route=\/wp\/v2\/posts"}],"about":[{"href":"https:\/\/graenaorkan.is\/index.php?rest_route=\/wp\/v2\/types\/post"}],"author":[{"embeddable":true,"href":"https:\/\/graenaorkan.is\/index.php?rest_route=\/wp\/v2\/users\/5"}],"replies":[{"embeddable":true,"href":"https:\/\/graenaorkan.is\/index.php?rest_route=%2Fwp%2Fv2%2Fcomments&post=1020"}],"version-history":[{"count":1,"href":"https:\/\/graenaorkan.is\/index.php?rest_route=\/wp\/v2\/posts\/1020\/revisions"}],"predecessor-version":[{"id":1021,"href":"https:\/\/graenaorkan.is\/index.php?rest_route=\/wp\/v2\/posts\/1020\/revisions\/1021"}],"wp:attachment":[{"href":"https:\/\/graenaorkan.is\/index.php?rest_route=%2Fwp%2Fv2%2Fmedia&parent=1020"}],"wp:term":[{"taxonomy":"category","embeddable":true,"href":"https:\/\/graenaorkan.is\/index.php?rest_route=%2Fwp%2Fv2%2Fcategories&post=1020"},{"taxonomy":"post_tag","embeddable":true,"href":"https:\/\/graenaorkan.is\/index.php?rest_route=%2Fwp%2Fv2%2Ftags&post=1020"}],"curies":[{"name":"wp","href":"https:\/\/api.w.org\/{rel}","templated":true}]}}