{"id":1024,"date":"2015-05-13T12:23:20","date_gmt":"2015-05-13T12:23:20","guid":{"rendered":"http:\/\/graenaorkan.is\/?p=1024"},"modified":"2015-05-13T14:12:35","modified_gmt":"2015-05-13T14:12:35","slug":"even-frumsynir-tesla-model-s-p85d","status":"publish","type":"post","link":"https:\/\/graenaorkan.is\/?p=1024","title":{"rendered":"EVEN frums\u00fdndi Tesla Model S P85D"},"content":{"rendered":"<p>S\u00ed\u00f0astli\u00f0inn laugardag var Tesla Model S P85D frums\u00fdndur hj\u00e1 EVEN b\u00edlum \u00ed Sm\u00e1ralind. B\u00edllinn er um 700 hest\u00f6fl og n\u00e6r \u00fev\u00ed 100 km hra\u00f0a \u00e1 einungis 3,2 sek\u00fandum. \u00deetta afl er fengi\u00f0 fr\u00e1 rafm\u00f3tor sem kn\u00fdr framdekk og skilar 230 hest\u00f6flum og 470 hestafla m\u00f3tor sem kn\u00fdr afturdekk. \u00a0\u00deetta er \u00ed fyrsta skipti sem Tesla sendir fr\u00e1 s\u00e9r fj\u00f3rhj\u00f3ladrifinn b\u00edl.<\/p>\n<p>Sj\u00e1 n\u00e1nar \u00ed fr\u00e9tt <a href=\"http:\/\/www.mbl.is\/bill\/frettir\/2015\/05\/12\/even_frumsynir_tesla_model_s_p85d\/\">mbl.is<\/a> og <a href=\"http:\/\/www.topgear.com\/uk\/car-news\/tesla-model-s-p85d-review-first-drive-2015-05-11\">Top Gear<\/a>.<\/p>\n","protected":false},"excerpt":{"rendered":"<p>S\u00ed\u00f0astli\u00f0inn laugardag var Tesla Model S P85D frums\u00fdndur hj\u00e1 EVEN b\u00edlum \u00ed Sm\u00e1ralind. B\u00edllinn er um 700 hest\u00f6fl og n\u00e6r \u00fev\u00ed 100 km hra\u00f0a \u00e1 einungis 3,2 sek\u00fandum. \u00deetta afl er fengi\u00f0 fr\u00e1 rafm\u00f3tor sem kn\u00fdr framdekk og skilar 230 &hellip; <a href=\"https:\/\/graenaorkan.is\/?p=1024\">Continue reading <span class=\"meta-nav\">&rarr;<\/span><\/a><\/p>\n","protected":false},"author":5,"featured_media":0,"comment_status":"open","ping_status":"open","sticky":false,"template":"","format":"standard","meta":[],"categories":[3,10],"tags":[],"_links":{"self":[{"href":"https:\/\/graenaorkan.is\/index.php?rest_route=\/wp\/v2\/posts\/1024"}],"collection":[{"href":"https:\/\/graenaorkan.is\/index.php?rest_route=\/wp\/v2\/posts"}],"about":[{"href":"https:\/\/graenaorkan.is\/index.php?rest_route=\/wp\/v2\/types\/post"}],"author":[{"embeddable":true,"href":"https:\/\/graenaorkan.is\/index.php?rest_route=\/wp\/v2\/users\/5"}],"replies":[{"embeddable":true,"href":"https:\/\/graenaorkan.is\/index.php?rest_route=%2Fwp%2Fv2%2Fcomments&post=1024"}],"version-history":[{"count":2,"href":"https:\/\/graenaorkan.is\/index.php?rest_route=\/wp\/v2\/posts\/1024\/revisions"}],"predecessor-version":[{"id":1026,"href":"https:\/\/graenaorkan.is\/index.php?rest_route=\/wp\/v2\/posts\/1024\/revisions\/1026"}],"wp:attachment":[{"href":"https:\/\/graenaorkan.is\/index.php?rest_route=%2Fwp%2Fv2%2Fmedia&parent=1024"}],"wp:term":[{"taxonomy":"category","embeddable":true,"href":"https:\/\/graenaorkan.is\/index.php?rest_route=%2Fwp%2Fv2%2Fcategories&post=1024"},{"taxonomy":"post_tag","embeddable":true,"href":"https:\/\/graenaorkan.is\/index.php?rest_route=%2Fwp%2Fv2%2Ftags&post=1024"}],"curies":[{"name":"wp","href":"https:\/\/api.w.org\/{rel}","templated":true}]}}