{"id":1027,"date":"2015-05-18T09:41:40","date_gmt":"2015-05-18T09:41:40","guid":{"rendered":"http:\/\/graenaorkan.is\/?p=1027"},"modified":"2015-05-18T09:41:40","modified_gmt":"2015-05-18T09:41:40","slug":"bilaleiga-bydur-rafbila-til-leigu","status":"publish","type":"post","link":"https:\/\/graenaorkan.is\/?p=1027","title":{"rendered":"B\u00edlaleiga b\u00fd\u00f0ur rafb\u00edla til leigu"},"content":{"rendered":"<p>H\u00f6ldur-B\u00edlaleiga Akureyrar b\u00fd\u00f0ur n\u00fa upp \u00e1 \u00farval rafb\u00edla til leigu. \u00c1 d\u00f6gunum f\u00e9kk b\u00edlaleigan afhenta 11 rafb\u00edla: Kia Soul EV fr\u00e1 \u00d6skju, \u00a0Nissan Leaf fr\u00e1 BL og Volkswagen e-Golf fr\u00e1 Heklu. Steingr\u00edmur Birgisson, forstj\u00f3ri B\u00edlaleigu Akureyrar, segir fyrirt\u00e6ki\u00f0 markvisst leita lei\u00f0a til a\u00f0 draga \u00far \u00fatbl\u00e6stri b\u00edlaflota s\u00edns og kaup rafb\u00edlanna s\u00e9 li\u00f0ur \u00ed \u00fev\u00ed. Hann v\u00e6ntir \u00feess a\u00f0 vi\u00f0skiptavinir taki \u00feessari vi\u00f0b\u00f3t vi\u00f0 \u00farval b\u00edla vel.<\/p>\n<p>Sj\u00e1 n\u00e1nar \u00ed fr\u00e9tt <a href=\"http:\/\/www.mbl.is\/bill\/frettir\/2015\/05\/04\/bilaleiga_bydur_urval_rafmagnsbila\/\">mbl.is<\/a>.<\/p>\n","protected":false},"excerpt":{"rendered":"<p>H\u00f6ldur-B\u00edlaleiga Akureyrar b\u00fd\u00f0ur n\u00fa upp \u00e1 \u00farval rafb\u00edla til leigu. \u00c1 d\u00f6gunum f\u00e9kk b\u00edlaleigan afhenta 11 rafb\u00edla: Kia Soul EV fr\u00e1 \u00d6skju, \u00a0Nissan Leaf fr\u00e1 BL og Volkswagen e-Golf fr\u00e1 Heklu. Steingr\u00edmur Birgisson, forstj\u00f3ri B\u00edlaleigu Akureyrar, segir fyrirt\u00e6ki\u00f0 markvisst leita &hellip; <a href=\"https:\/\/graenaorkan.is\/?p=1027\">Continue reading <span class=\"meta-nav\">&rarr;<\/span><\/a><\/p>\n","protected":false},"author":5,"featured_media":0,"comment_status":"open","ping_status":"open","sticky":false,"template":"","format":"standard","meta":[],"categories":[3,10],"tags":[],"_links":{"self":[{"href":"https:\/\/graenaorkan.is\/index.php?rest_route=\/wp\/v2\/posts\/1027"}],"collection":[{"href":"https:\/\/graenaorkan.is\/index.php?rest_route=\/wp\/v2\/posts"}],"about":[{"href":"https:\/\/graenaorkan.is\/index.php?rest_route=\/wp\/v2\/types\/post"}],"author":[{"embeddable":true,"href":"https:\/\/graenaorkan.is\/index.php?rest_route=\/wp\/v2\/users\/5"}],"replies":[{"embeddable":true,"href":"https:\/\/graenaorkan.is\/index.php?rest_route=%2Fwp%2Fv2%2Fcomments&post=1027"}],"version-history":[{"count":1,"href":"https:\/\/graenaorkan.is\/index.php?rest_route=\/wp\/v2\/posts\/1027\/revisions"}],"predecessor-version":[{"id":1028,"href":"https:\/\/graenaorkan.is\/index.php?rest_route=\/wp\/v2\/posts\/1027\/revisions\/1028"}],"wp:attachment":[{"href":"https:\/\/graenaorkan.is\/index.php?rest_route=%2Fwp%2Fv2%2Fmedia&parent=1027"}],"wp:term":[{"taxonomy":"category","embeddable":true,"href":"https:\/\/graenaorkan.is\/index.php?rest_route=%2Fwp%2Fv2%2Fcategories&post=1027"},{"taxonomy":"post_tag","embeddable":true,"href":"https:\/\/graenaorkan.is\/index.php?rest_route=%2Fwp%2Fv2%2Ftags&post=1027"}],"curies":[{"name":"wp","href":"https:\/\/api.w.org\/{rel}","templated":true}]}}