{"id":1030,"date":"2015-05-19T11:40:08","date_gmt":"2015-05-19T11:40:08","guid":{"rendered":"http:\/\/graenaorkan.is\/?p=1030"},"modified":"2015-05-19T11:45:33","modified_gmt":"2015-05-19T11:45:33","slug":"ef-bensin-vaeri-fritt","status":"publish","type":"post","link":"https:\/\/graenaorkan.is\/?p=1030","title":{"rendered":"Ef bens\u00edn v\u00e6ri fr\u00edtt&#8230;"},"content":{"rendered":"<div id=\"attachment_1033\" style=\"width: 310px\" class=\"wp-caption alignright\"><a href=\"https:\/\/graenaorkan.is\/wp-content\/uploads\/2015\/05\/plug-in-hybrid-car-phev-.jpg\"><img aria-describedby=\"caption-attachment-1033\" decoding=\"async\" loading=\"lazy\" class=\"size-medium wp-image-1033 \" title=\"Electric vehicle concept\" src=\"https:\/\/graenaorkan.is\/wp-content\/uploads\/2015\/05\/plug-in-hybrid-car-phev--300x225.jpg\" alt=\"\" width=\"300\" height=\"225\" srcset=\"https:\/\/graenaorkan.is\/wp-content\/uploads\/2015\/05\/plug-in-hybrid-car-phev--300x225.jpg 300w, https:\/\/graenaorkan.is\/wp-content\/uploads\/2015\/05\/plug-in-hybrid-car-phev--266x200.jpg 266w, https:\/\/graenaorkan.is\/wp-content\/uploads\/2015\/05\/plug-in-hybrid-car-phev-.jpg 1024w\" sizes=\"(max-width: 300px) 100vw, 300px\" \/><\/a><p id=\"caption-attachment-1033\" class=\"wp-caption-text\">Mynd fengin fr\u00e1 Synergy Solar Systems<\/p><\/div>\n<p>Flestir yr\u00f0u hissa ef \u00feeir upplif\u00f0u \u00fea\u00f0 a\u00f0 geta d\u00e6lt bens\u00edni \u00e1 b\u00edlinn \u00e1n \u00feess a\u00f0 borga fyrir \u00fea\u00f0. \u00dea\u00f0 er samt einmitt \u00fea\u00f0 sem eigendur rafb\u00edla gera &#8211; hla\u00f0a b\u00edlinn fr\u00edtt \u00e1 hra\u00f0hle\u00f0slust\u00f6\u00f0vum \u00e1 \u00cdslandi! \u00dea\u00f0 sama \u00e1 vi\u00f0 um flestar hle\u00f0slust\u00f6\u00f0var fyrir almenning \u00ed Bandar\u00edkjunum. \u00dear geta rafb\u00edlaeigendur geta nota\u00f0 appi\u00f0 <a href=\"http:\/\/www.plugshare.com\/\">Plugshare<\/a>\u00a0til a\u00f0 finna n\u00e6stu st\u00f6\u00f0. \u00d3keypis rafmagn \u00e1 hra\u00f0hle\u00f0slust\u00f6\u00f0vum <strong>l\u00e6kkar enn frekar rekstrarkostna\u00f0 rafb\u00edla.<\/strong><\/p>\n<p>Hva\u00f0 me\u00f0 \u00feau fyrirt\u00e6ki sem h\u00fdsa st\u00f6\u00f0varnar \u00e1 l\u00f3\u00f0um s\u00ednum? Hva\u00f0 gr\u00e6\u00f0a \u00feau \u00e1 \u00fev\u00ed a\u00f0 bj\u00f3\u00f0a upp \u00e1 fr\u00edtt rafmagn og\/e\u00f0a b\u00edlast\u00e6\u00f0i \u00e1 me\u00f0an hla\u00f0i\u00f0 er? Hle\u00f0slust\u00f6\u00f0varnar veita \u00feeim n\u00fdtt t\u00e6kif\u00e6ri til a\u00f0 la\u00f0a til s\u00edn vi\u00f0skiptavini auk \u00feess sem \u00feeir staldra lengur vi\u00f0.<\/p>\n<p>\u00deetta kemur fram \u00ed fr\u00e9tt \u00e1 s\u00ed\u00f0u\u00a0<a href=\"http:\/\/www.greencarreports.com\/news\/1098083_suppose-two-thirds-of-gas-stations-gave-away-free-gasoline\">Green Car Reports<\/a>\u00a0og <a href=\"http:\/\/www.sierraclub.org\/compass\/2015\/04\/why-small-businesses-are-installing-electric-vehicle-charging-stations\">Sierra Club<\/a>.<\/p>\n<p>&nbsp;<\/p>\n<p>&nbsp;<\/p>\n<p>&nbsp;<\/p>\n","protected":false},"excerpt":{"rendered":"<p>Flestir yr\u00f0u hissa ef \u00feeir upplif\u00f0u \u00fea\u00f0 a\u00f0 geta d\u00e6lt bens\u00edni \u00e1 b\u00edlinn \u00e1n \u00feess a\u00f0 borga fyrir \u00fea\u00f0. \u00dea\u00f0 er samt einmitt \u00fea\u00f0 sem eigendur rafb\u00edla gera &#8211; hla\u00f0a b\u00edlinn fr\u00edtt \u00e1 hra\u00f0hle\u00f0slust\u00f6\u00f0vum \u00e1 \u00cdslandi! \u00dea\u00f0 sama \u00e1 vi\u00f0 &hellip; <a href=\"https:\/\/graenaorkan.is\/?p=1030\">Continue reading <span class=\"meta-nav\">&rarr;<\/span><\/a><\/p>\n","protected":false},"author":5,"featured_media":0,"comment_status":"open","ping_status":"open","sticky":false,"template":"","format":"standard","meta":[],"categories":[17,10],"tags":[],"_links":{"self":[{"href":"https:\/\/graenaorkan.is\/index.php?rest_route=\/wp\/v2\/posts\/1030"}],"collection":[{"href":"https:\/\/graenaorkan.is\/index.php?rest_route=\/wp\/v2\/posts"}],"about":[{"href":"https:\/\/graenaorkan.is\/index.php?rest_route=\/wp\/v2\/types\/post"}],"author":[{"embeddable":true,"href":"https:\/\/graenaorkan.is\/index.php?rest_route=\/wp\/v2\/users\/5"}],"replies":[{"embeddable":true,"href":"https:\/\/graenaorkan.is\/index.php?rest_route=%2Fwp%2Fv2%2Fcomments&post=1030"}],"version-history":[{"count":4,"href":"https:\/\/graenaorkan.is\/index.php?rest_route=\/wp\/v2\/posts\/1030\/revisions"}],"predecessor-version":[{"id":1035,"href":"https:\/\/graenaorkan.is\/index.php?rest_route=\/wp\/v2\/posts\/1030\/revisions\/1035"}],"wp:attachment":[{"href":"https:\/\/graenaorkan.is\/index.php?rest_route=%2Fwp%2Fv2%2Fmedia&parent=1030"}],"wp:term":[{"taxonomy":"category","embeddable":true,"href":"https:\/\/graenaorkan.is\/index.php?rest_route=%2Fwp%2Fv2%2Fcategories&post=1030"},{"taxonomy":"post_tag","embeddable":true,"href":"https:\/\/graenaorkan.is\/index.php?rest_route=%2Fwp%2Fv2%2Ftags&post=1030"}],"curies":[{"name":"wp","href":"https:\/\/api.w.org\/{rel}","templated":true}]}}