{"id":1038,"date":"2015-05-26T15:11:47","date_gmt":"2015-05-26T15:11:47","guid":{"rendered":"http:\/\/graenaorkan.is\/?p=1038"},"modified":"2015-05-26T15:11:47","modified_gmt":"2015-05-26T15:11:47","slug":"nytt-thjonustumerki-fyrir-rafhledslu-bila-vigt","status":"publish","type":"post","link":"https:\/\/graenaorkan.is\/?p=1038","title":{"rendered":"N\u00fdtt \u00fej\u00f3nustumerki fyrir rafhle\u00f0slu b\u00edla v\u00edgt"},"content":{"rendered":"<p>S\u00ed\u00f0astli\u00f0inn sunnudag var sett upp n\u00fdtt \u00fej\u00f3nustumerki sem v\u00edsar \u00e1 sta\u00f0 \u00fear sem hla\u00f0a m\u00e1 \u00f6kut\u00e6ki rafmagni. \u00dea\u00f0 var Einar K. Gu\u00f0finnnsson, forseti\u00a0 Al\u00feingis, sem kom merkinu fyrir og t\u00f3k \u00fea\u00f0 formlega \u00ed notkun vi\u00f0 verslunina Verslunar-Geira,\u00a0 vi\u00f0 \u00deur\u00ed\u00f0arbraut vi\u00f0 m\u00f6rk \u00fe\u00e9ttb\u00fdlisins \u00ed Bolungarv\u00edk.<\/p>\n<p>Merki\u00f0 var hanna\u00f0 af Vegager\u00f0inni a\u00f0 \u00f3sk Samg\u00f6nguf\u00e9lagsins, en \u00feetta er fyrsta merki\u00f0\u00a0 me\u00f0 \u00feessu \u00fatliti sem teki\u00f0 er \u00ed notkun. \u00a0N\u00fa \u00feegar rafb\u00edlum fj\u00f6lgar \u00f6rt er nau\u00f0synlegt a\u00f0 h\u00e6gt s\u00e9 a\u00f0 hla\u00f0a \u00fe\u00e1 sem v\u00ed\u00f0ast og uppl\u00fdsingar um a\u00f0gengi a\u00f0 hle\u00f0slu s\u00e9u s\u00fdnilegar.<\/p>\n<p>Einnig hefur veri\u00f0 \u00fatb\u00fai\u00f0 s\u00e9rstakt merki fyrir svokalla\u00f0ar hra\u00f0hle\u00f0slust\u00f6\u00f0var sem er eins \u00fatlits og merki\u00f0 sem teki\u00f0 var \u00ed notkun um helgina, a\u00f0 \u00f6\u00f0ru leyti en a\u00f0 b\u00e6tt hefur veri\u00f0 vi\u00f0 mynd af skei\u00f0klukku.<\/p>\n<p style=\"text-align: left;\"><a href=\"https:\/\/graenaorkan.is\/wp-content\/uploads\/2015\/05\/104.jpg\"><img decoding=\"async\" loading=\"lazy\" class=\"size-medium wp-image-1039 aligncenter\" title=\"104\" src=\"https:\/\/graenaorkan.is\/wp-content\/uploads\/2015\/05\/104-300x225.jpg\" alt=\"\" width=\"300\" height=\"225\" srcset=\"https:\/\/graenaorkan.is\/wp-content\/uploads\/2015\/05\/104-300x225.jpg 300w, https:\/\/graenaorkan.is\/wp-content\/uploads\/2015\/05\/104-266x200.jpg 266w, https:\/\/graenaorkan.is\/wp-content\/uploads\/2015\/05\/104.jpg 1024w\" sizes=\"(max-width: 300px) 100vw, 300px\" \/><\/a>.<\/p>\n","protected":false},"excerpt":{"rendered":"<p>S\u00ed\u00f0astli\u00f0inn sunnudag var sett upp n\u00fdtt \u00fej\u00f3nustumerki sem v\u00edsar \u00e1 sta\u00f0 \u00fear sem hla\u00f0a m\u00e1 \u00f6kut\u00e6ki rafmagni. \u00dea\u00f0 var Einar K. Gu\u00f0finnnsson, forseti\u00a0 Al\u00feingis, sem kom merkinu fyrir og t\u00f3k \u00fea\u00f0 formlega \u00ed notkun vi\u00f0 verslunina Verslunar-Geira,\u00a0 vi\u00f0 \u00deur\u00ed\u00f0arbraut vi\u00f0 &hellip; <a href=\"https:\/\/graenaorkan.is\/?p=1038\">Continue reading <span class=\"meta-nav\">&rarr;<\/span><\/a><\/p>\n","protected":false},"author":5,"featured_media":0,"comment_status":"open","ping_status":"open","sticky":false,"template":"","format":"standard","meta":[],"categories":[3,17,10,18],"tags":[],"_links":{"self":[{"href":"https:\/\/graenaorkan.is\/index.php?rest_route=\/wp\/v2\/posts\/1038"}],"collection":[{"href":"https:\/\/graenaorkan.is\/index.php?rest_route=\/wp\/v2\/posts"}],"about":[{"href":"https:\/\/graenaorkan.is\/index.php?rest_route=\/wp\/v2\/types\/post"}],"author":[{"embeddable":true,"href":"https:\/\/graenaorkan.is\/index.php?rest_route=\/wp\/v2\/users\/5"}],"replies":[{"embeddable":true,"href":"https:\/\/graenaorkan.is\/index.php?rest_route=%2Fwp%2Fv2%2Fcomments&post=1038"}],"version-history":[{"count":2,"href":"https:\/\/graenaorkan.is\/index.php?rest_route=\/wp\/v2\/posts\/1038\/revisions"}],"predecessor-version":[{"id":1041,"href":"https:\/\/graenaorkan.is\/index.php?rest_route=\/wp\/v2\/posts\/1038\/revisions\/1041"}],"wp:attachment":[{"href":"https:\/\/graenaorkan.is\/index.php?rest_route=%2Fwp%2Fv2%2Fmedia&parent=1038"}],"wp:term":[{"taxonomy":"category","embeddable":true,"href":"https:\/\/graenaorkan.is\/index.php?rest_route=%2Fwp%2Fv2%2Fcategories&post=1038"},{"taxonomy":"post_tag","embeddable":true,"href":"https:\/\/graenaorkan.is\/index.php?rest_route=%2Fwp%2Fv2%2Ftags&post=1038"}],"curies":[{"name":"wp","href":"https:\/\/api.w.org\/{rel}","templated":true}]}}