{"id":1051,"date":"2015-05-29T15:29:42","date_gmt":"2015-05-29T15:29:42","guid":{"rendered":"http:\/\/graenaorkan.is\/?p=1051"},"modified":"2015-05-29T15:38:15","modified_gmt":"2015-05-29T15:38:15","slug":"graena-orkan-bydur-til-fyrirlestrar-norsepower-2","status":"publish","type":"post","link":"https:\/\/graenaorkan.is\/?p=1051","title":{"rendered":"Gr\u00e6na orkan b\u00fd\u00f0ur til fyrirlestrar Norsepower"},"content":{"rendered":"<div id=\"attachment_1058\" style=\"width: 100px\" class=\"wp-caption alignright\"><a href=\"https:\/\/graenaorkan.is\/wp-content\/uploads\/2015\/05\/Picture21.jpg\"><img aria-describedby=\"caption-attachment-1058\" decoding=\"async\" loading=\"lazy\" class=\"size-medium wp-image-1058\" title=\"Picture2\" src=\"https:\/\/graenaorkan.is\/wp-content\/uploads\/2015\/05\/Picture21-90x300.jpg\" alt=\"\" width=\"90\" height=\"300\" srcset=\"https:\/\/graenaorkan.is\/wp-content\/uploads\/2015\/05\/Picture21-90x300.jpg 90w, https:\/\/graenaorkan.is\/wp-content\/uploads\/2015\/05\/Picture21-60x200.jpg 60w\" sizes=\"(max-width: 90px) 100vw, 90px\" \/><\/a><p id=\"caption-attachment-1058\" class=\"wp-caption-text\">Mynd fengin fr\u00e1 Norsepower<\/p><\/div>\n<p>Gr\u00e6na orkan hefur undanfarin \u00e1r sta\u00f0i\u00f0 fyrir opnum fyrirlestrum sem var\u00f0a vistv\u00e6na orkugjafa, \u00ed samstarfi vi\u00f0 \u00fdmsa a\u00f0ila. A\u00f0 \u00feessu sinni bj\u00f3\u00f0a Gr\u00e6na orkan, Hafi\u00f0 \u2013 \u00d6ndvegissetur um sj\u00e1lfb\u00e6ra n\u00fdtingu og verndun hafsins, og Nordic Marina til opins fyrirlestrar um lausn til eldsneytissparna\u00f0ar fyrir me\u00f0alst\u00f3r og st\u00f3r skip.<\/p>\n<p>\u00deann 11. n\u00fan\u00ed n\u00e6stkomandi mun Tuomas Riski, framkv\u00e6mdastj\u00f3ri Norsepower \u00ed Finnlandi, fjalla um lausn fyrirt\u00e6kis s\u00edns, Norsepower Rotor Sail Solution.<\/p>\n<p>T\u00e6kif\u00e6ri ver\u00f0ur til fyrirspurna og umr\u00e6\u00f0na a\u00f0 lokinni kynningu Norsepower og bo\u00f0i\u00f0 ver\u00f0ur upp \u00e1 kaffi. Fyrirlesturinn ver\u00f0ur haldinn a\u00f0 Grens\u00e1svegi 9, klukkan 14 og eru allir velkomnir. Sj\u00e1 einnig <a href=\"http:\/\/www.eusew.eu\/component\/see_eventview\/?view=see_eventdetail&amp;index=1&amp;countryID=100&amp;sort=-1&amp;pageNum=0&amp;eventid=5354&amp;mapType=outside-europe&amp;keyword=&amp;city=&amp;organiser=&amp;eventDate=&amp;eventType=-1\">h\u00e9r<\/a>.<\/p>\n<p><strong>Skr\u00e1ning til \u00fe\u00e1ttt\u00f6ku sendist til<\/strong>\u00a0<a href=\"mailto:amk@newenergy.is\">amk@newenergy.is<\/a>.<\/p>\n<div id=\"attachment_1053\" style=\"width: 310px\" class=\"wp-caption aligncenter\"><a href=\"https:\/\/graenaorkan.is\/wp-content\/uploads\/2015\/05\/Picture12.jpg\"><img aria-describedby=\"caption-attachment-1053\" decoding=\"async\" loading=\"lazy\" class=\"size-medium wp-image-1053 \" title=\"Picture1\" src=\"https:\/\/graenaorkan.is\/wp-content\/uploads\/2015\/05\/Picture12-300x141.jpg\" alt=\"\" width=\"300\" height=\"141\" srcset=\"https:\/\/graenaorkan.is\/wp-content\/uploads\/2015\/05\/Picture12-300x141.jpg 300w, https:\/\/graenaorkan.is\/wp-content\/uploads\/2015\/05\/Picture12-420x198.jpg 420w, https:\/\/graenaorkan.is\/wp-content\/uploads\/2015\/05\/Picture12.jpg 743w\" sizes=\"(max-width: 300px) 100vw, 300px\" \/><\/a><p id=\"caption-attachment-1053\" class=\"wp-caption-text\">Mynd fengin fr\u00e1 Norsepower<\/p><\/div>\n<p>&nbsp;<\/p>\n<p style=\"text-align: center;\">\n","protected":false},"excerpt":{"rendered":"<p>Gr\u00e6na orkan hefur undanfarin \u00e1r sta\u00f0i\u00f0 fyrir opnum fyrirlestrum sem var\u00f0a vistv\u00e6na orkugjafa, \u00ed samstarfi vi\u00f0 \u00fdmsa a\u00f0ila. A\u00f0 \u00feessu sinni bj\u00f3\u00f0a Gr\u00e6na orkan, Hafi\u00f0 \u2013 \u00d6ndvegissetur um sj\u00e1lfb\u00e6ra n\u00fdtingu og verndun hafsins, og Nordic Marina til opins fyrirlestrar um &hellip; <a href=\"https:\/\/graenaorkan.is\/?p=1051\">Continue reading <span class=\"meta-nav\">&rarr;<\/span><\/a><\/p>\n","protected":false},"author":5,"featured_media":0,"comment_status":"open","ping_status":"open","sticky":false,"template":"","format":"standard","meta":[],"categories":[5],"tags":[],"_links":{"self":[{"href":"https:\/\/graenaorkan.is\/index.php?rest_route=\/wp\/v2\/posts\/1051"}],"collection":[{"href":"https:\/\/graenaorkan.is\/index.php?rest_route=\/wp\/v2\/posts"}],"about":[{"href":"https:\/\/graenaorkan.is\/index.php?rest_route=\/wp\/v2\/types\/post"}],"author":[{"embeddable":true,"href":"https:\/\/graenaorkan.is\/index.php?rest_route=\/wp\/v2\/users\/5"}],"replies":[{"embeddable":true,"href":"https:\/\/graenaorkan.is\/index.php?rest_route=%2Fwp%2Fv2%2Fcomments&post=1051"}],"version-history":[{"count":11,"href":"https:\/\/graenaorkan.is\/index.php?rest_route=\/wp\/v2\/posts\/1051\/revisions"}],"predecessor-version":[{"id":1062,"href":"https:\/\/graenaorkan.is\/index.php?rest_route=\/wp\/v2\/posts\/1051\/revisions\/1062"}],"wp:attachment":[{"href":"https:\/\/graenaorkan.is\/index.php?rest_route=%2Fwp%2Fv2%2Fmedia&parent=1051"}],"wp:term":[{"taxonomy":"category","embeddable":true,"href":"https:\/\/graenaorkan.is\/index.php?rest_route=%2Fwp%2Fv2%2Fcategories&post=1051"},{"taxonomy":"post_tag","embeddable":true,"href":"https:\/\/graenaorkan.is\/index.php?rest_route=%2Fwp%2Fv2%2Ftags&post=1051"}],"curies":[{"name":"wp","href":"https:\/\/api.w.org\/{rel}","templated":true}]}}