{"id":1070,"date":"2015-06-15T11:00:43","date_gmt":"2015-06-15T11:00:43","guid":{"rendered":"http:\/\/graenaorkan.is\/?p=1070"},"modified":"2015-06-15T11:01:55","modified_gmt":"2015-06-15T11:01:55","slug":"tiunda-hradhledslustodin-a-islandi-opnud","status":"publish","type":"post","link":"https:\/\/graenaorkan.is\/?p=1070","title":{"rendered":"T\u00edunda hra\u00f0hle\u00f0slust\u00f6\u00f0in \u00e1 \u00cdslandi opnu\u00f0"},"content":{"rendered":"<p>T\u00edunda hra\u00f0hle\u00f0slust\u00f6\u00f0 ON \u00e1 Su\u00f0ur- og Vesturlandi var v\u00edg\u00f0 9. j\u00fan\u00ed s\u00ed\u00f0astli\u00f0inn vi\u00f0 Dalbraut 1 \u00e1 Akranesi.\u00a0Fyrir eru st\u00f6\u00f0var vi\u00f0 h\u00f6fu\u00f0st\u00f6\u00f0var ON a\u00f0 B\u00e6jarh\u00e1lsi 1, vi\u00f0 bifrei\u00f0aumbo\u00f0 BL vi\u00f0 S\u00e6varh\u00f6f\u00f0a, vi\u00f0 Sm\u00e1ralind, vi\u00f0 Skeljung \u00e1 Miklubraut, \u00e1 Fitjum \u00ed Reykjanesb\u00e6, vi\u00f0 verslun IKEA \u00ed Gar\u00f0ab\u00e6, \u00ed Borgarnesi, \u00e1 Selfossi og vi\u00f0 Fr\u00edkirkjuveg.\u00a0Hra\u00f0hle\u00f0sluverkefni ON er unni\u00f0 \u00ed samstarfi vi\u00f0 BL ehf. og Nissan Europe, sem l\u00f6g\u00f0u hle\u00f0slust\u00f6\u00f0varnar endurgjaldslaust til verkefnisins. Orka n\u00e1tt\u00farunnar s\u00e9r um uppsetningu \u00feeirra og rekstur.<\/p>\n<p>Sj\u00e1 fr\u00e9tt ON <a href=\"https:\/\/www.on.is\/tiunda-hradhledslustodin-opnud-a-akranesi\">h\u00e9r<\/a>.<a href=\"https:\/\/graenaorkan.is\/wp-content\/uploads\/2015\/06\/hradhledsa-akranes-web2.jpg\"><img decoding=\"async\" loading=\"lazy\" class=\"size-medium wp-image-1071 alignleft\" title=\"hradhledsa-akranes-web2\" src=\"https:\/\/graenaorkan.is\/wp-content\/uploads\/2015\/06\/hradhledsa-akranes-web2-300x199.jpg\" alt=\"\" width=\"240\" height=\"159\" srcset=\"https:\/\/graenaorkan.is\/wp-content\/uploads\/2015\/06\/hradhledsa-akranes-web2-300x200.jpg 300w, https:\/\/graenaorkan.is\/wp-content\/uploads\/2015\/06\/hradhledsa-akranes-web2-1024x682.jpg 1024w, https:\/\/graenaorkan.is\/wp-content\/uploads\/2015\/06\/hradhledsa-akranes-web2.jpg 1400w\" sizes=\"(max-width: 240px) 100vw, 240px\" \/><\/a><\/p>\n","protected":false},"excerpt":{"rendered":"<p>T\u00edunda hra\u00f0hle\u00f0slust\u00f6\u00f0 ON \u00e1 Su\u00f0ur- og Vesturlandi var v\u00edg\u00f0 9. j\u00fan\u00ed s\u00ed\u00f0astli\u00f0inn vi\u00f0 Dalbraut 1 \u00e1 Akranesi.\u00a0Fyrir eru st\u00f6\u00f0var vi\u00f0 h\u00f6fu\u00f0st\u00f6\u00f0var ON a\u00f0 B\u00e6jarh\u00e1lsi 1, vi\u00f0 bifrei\u00f0aumbo\u00f0 BL vi\u00f0 S\u00e6varh\u00f6f\u00f0a, vi\u00f0 Sm\u00e1ralind, vi\u00f0 Skeljung \u00e1 Miklubraut, \u00e1 Fitjum \u00ed Reykjanesb\u00e6, &hellip; <a href=\"https:\/\/graenaorkan.is\/?p=1070\">Continue reading <span class=\"meta-nav\">&rarr;<\/span><\/a><\/p>\n","protected":false},"author":5,"featured_media":0,"comment_status":"open","ping_status":"open","sticky":false,"template":"","format":"standard","meta":[],"categories":[5,17,10],"tags":[],"_links":{"self":[{"href":"https:\/\/graenaorkan.is\/index.php?rest_route=\/wp\/v2\/posts\/1070"}],"collection":[{"href":"https:\/\/graenaorkan.is\/index.php?rest_route=\/wp\/v2\/posts"}],"about":[{"href":"https:\/\/graenaorkan.is\/index.php?rest_route=\/wp\/v2\/types\/post"}],"author":[{"embeddable":true,"href":"https:\/\/graenaorkan.is\/index.php?rest_route=\/wp\/v2\/users\/5"}],"replies":[{"embeddable":true,"href":"https:\/\/graenaorkan.is\/index.php?rest_route=%2Fwp%2Fv2%2Fcomments&post=1070"}],"version-history":[{"count":3,"href":"https:\/\/graenaorkan.is\/index.php?rest_route=\/wp\/v2\/posts\/1070\/revisions"}],"predecessor-version":[{"id":1074,"href":"https:\/\/graenaorkan.is\/index.php?rest_route=\/wp\/v2\/posts\/1070\/revisions\/1074"}],"wp:attachment":[{"href":"https:\/\/graenaorkan.is\/index.php?rest_route=%2Fwp%2Fv2%2Fmedia&parent=1070"}],"wp:term":[{"taxonomy":"category","embeddable":true,"href":"https:\/\/graenaorkan.is\/index.php?rest_route=%2Fwp%2Fv2%2Fcategories&post=1070"},{"taxonomy":"post_tag","embeddable":true,"href":"https:\/\/graenaorkan.is\/index.php?rest_route=%2Fwp%2Fv2%2Ftags&post=1070"}],"curies":[{"name":"wp","href":"https:\/\/api.w.org\/{rel}","templated":true}]}}