{"id":1075,"date":"2015-06-18T10:30:28","date_gmt":"2015-06-18T10:30:28","guid":{"rendered":"http:\/\/graenaorkan.is\/?p=1075"},"modified":"2015-06-18T10:30:28","modified_gmt":"2015-06-18T10:30:28","slug":"hvad-med-rafhlodu-rafbilsins","status":"publish","type":"post","link":"https:\/\/graenaorkan.is\/?p=1075","title":{"rendered":"Hva\u00f0 me\u00f0 rafhl\u00f6\u00f0u rafb\u00edlsins?"},"content":{"rendered":"<p>Rafhla\u00f0an er d\u00fdrasti hluti rafb\u00edlsins en s\u00e1 misskilningur vir\u00f0ist vera \u00fatbreiddur a\u00f0 fj\u00e1rfesta \u00feurfi \u00ed n\u00fdrri rafhl\u00f6\u00f0u \u00e1 nokkurra \u00e1ra fresti vegna \u00feverrandi hle\u00f0slugetu. G\u00edsli G\u00edslason hj\u00e1 Even, sem selur Tesla bifrei\u00f0ar, segir \u00fea\u00f0 af og fr\u00e1. St\u00fdring \u00ed rafhl\u00f6\u00f0u mi\u00f0i a\u00f0 \u00fev\u00ed a\u00f0 h\u00e1marka endingart\u00edma hennar, svo a\u00f0 eftir 8 \u00e1r hafi dr\u00e6gi b\u00edlsins ekki r\u00fdrna\u00f0 meira en 10-20%. \u00deetta jafngildir \u00fev\u00ed a\u00f0 dr\u00e6gi n\u00fds b\u00edls l\u00e6kki \u00far 500 km \u00ed 420 km, sem er nokku\u00f0 meira en flestir \u00f6kumenn aka a\u00f0 jafna\u00f0i \u00e1 dag.<\/p>\n<p>B\u00e6\u00f0i Bjarni \u00d3lafsson, s\u00f6luma\u00f0ur hj\u00e1 BL, og \u00c1rni \u00deorsteinsson, s\u00f6lustj\u00f3ri VW hj\u00e1 Heklu, taka \u00ed sama streng. S\u00e9 r\u00e9tt hugsa\u00f0 um b\u00edlinn eigi geymslugeta rafhl\u00f6\u00f0unnar ekki a\u00f0 sker\u00f0ast miki\u00f0 \u00e1 fyrstu t\u00edu \u00e1rum rafb\u00edlanna. \u00deetta kemur fram \u00ed grein \u00e1 <a href=\"http:\/\/www.mbl.is\/bill\/frettir\/2015\/06\/16\/dugar_rafhladan_endalaust\/\">mbl.is<\/a>.<a href=\"https:\/\/graenaorkan.is\/wp-content\/uploads\/2015\/06\/lithium-ion-battery-car-2.jpg\"><img decoding=\"async\" loading=\"lazy\" class=\"alignright size-medium wp-image-1076\" title=\"lithium-ion-battery-car-2\" src=\"https:\/\/graenaorkan.is\/wp-content\/uploads\/2015\/06\/lithium-ion-battery-car-2-300x200.jpg\" alt=\"\" width=\"300\" height=\"200\" srcset=\"https:\/\/graenaorkan.is\/wp-content\/uploads\/2015\/06\/lithium-ion-battery-car-2-300x200.jpg 300w, https:\/\/graenaorkan.is\/wp-content\/uploads\/2015\/06\/lithium-ion-battery-car-2-299x200.jpg 299w, https:\/\/graenaorkan.is\/wp-content\/uploads\/2015\/06\/lithium-ion-battery-car-2.jpg 400w\" sizes=\"(max-width: 300px) 100vw, 300px\" \/><\/a><\/p>\n<p>\u00deegar rafhl\u00f6\u00f0unum er loks skipt fyrir n\u00fdjar, er ekki \u00fear me\u00f0 sagt a\u00f0 \u00fe\u00e6r s\u00e9u til einskis n\u00fdtar. General Motors og Nissan hafa n\u00fa \u00feegar fundi\u00f0 notagildi fyrir rafhl\u00f6\u00f0ur rafb\u00edla sem hefur veri\u00f0 skipt \u00fat. Fimm rafhl\u00f6\u00f0ur \u00far Chevrolet Volt kn\u00fdja t.a.m. lj\u00f3sab\u00fana\u00f0 \u00ed gagnaveri GM \u00ed Michigan me\u00f0 rafmagni fr\u00e1 tveimur 2 kW vindt\u00farb\u00ednum og 74 kW r\u00f6\u00f0 s\u00f3larsella. Og Nissan mun, \u00ed samvinnu vi\u00f0 <a href=\"http:\/\/greencharge.net\/\">Green Charge Networks<\/a>,\u00a0n\u00fdta rafhl\u00f6\u00f0ur \u00far Leaf b\u00edlum til sta\u00f0bundinnar orkugeymslu v\u00ed\u00f0s vegar um Bandar\u00edkin og utan \u00feeirra.<\/p>\n<p>Sj\u00e1 n\u00e1nar <a href=\"http:\/\/www.greencarreports.com\/news\/1098734_chevy-nissan-reveal-second-life-uses-for-electric-car-batteries\">h\u00e9r<\/a>.<\/p>\n","protected":false},"excerpt":{"rendered":"<p>Rafhla\u00f0an er d\u00fdrasti hluti rafb\u00edlsins en s\u00e1 misskilningur vir\u00f0ist vera \u00fatbreiddur a\u00f0 fj\u00e1rfesta \u00feurfi \u00ed n\u00fdrri rafhl\u00f6\u00f0u \u00e1 nokkurra \u00e1ra fresti vegna \u00feverrandi hle\u00f0slugetu. G\u00edsli G\u00edslason hj\u00e1 Even, sem selur Tesla bifrei\u00f0ar, segir \u00fea\u00f0 af og fr\u00e1. St\u00fdring \u00ed rafhl\u00f6\u00f0u &hellip; <a href=\"https:\/\/graenaorkan.is\/?p=1075\">Continue reading <span class=\"meta-nav\">&rarr;<\/span><\/a><\/p>\n","protected":false},"author":5,"featured_media":0,"comment_status":"open","ping_status":"open","sticky":false,"template":"","format":"standard","meta":[],"categories":[3,10],"tags":[],"_links":{"self":[{"href":"https:\/\/graenaorkan.is\/index.php?rest_route=\/wp\/v2\/posts\/1075"}],"collection":[{"href":"https:\/\/graenaorkan.is\/index.php?rest_route=\/wp\/v2\/posts"}],"about":[{"href":"https:\/\/graenaorkan.is\/index.php?rest_route=\/wp\/v2\/types\/post"}],"author":[{"embeddable":true,"href":"https:\/\/graenaorkan.is\/index.php?rest_route=\/wp\/v2\/users\/5"}],"replies":[{"embeddable":true,"href":"https:\/\/graenaorkan.is\/index.php?rest_route=%2Fwp%2Fv2%2Fcomments&post=1075"}],"version-history":[{"count":1,"href":"https:\/\/graenaorkan.is\/index.php?rest_route=\/wp\/v2\/posts\/1075\/revisions"}],"predecessor-version":[{"id":1077,"href":"https:\/\/graenaorkan.is\/index.php?rest_route=\/wp\/v2\/posts\/1075\/revisions\/1077"}],"wp:attachment":[{"href":"https:\/\/graenaorkan.is\/index.php?rest_route=%2Fwp%2Fv2%2Fmedia&parent=1075"}],"wp:term":[{"taxonomy":"category","embeddable":true,"href":"https:\/\/graenaorkan.is\/index.php?rest_route=%2Fwp%2Fv2%2Fcategories&post=1075"},{"taxonomy":"post_tag","embeddable":true,"href":"https:\/\/graenaorkan.is\/index.php?rest_route=%2Fwp%2Fv2%2Ftags&post=1075"}],"curies":[{"name":"wp","href":"https:\/\/api.w.org\/{rel}","templated":true}]}}