{"id":1080,"date":"2015-06-26T13:41:55","date_gmt":"2015-06-26T13:41:55","guid":{"rendered":"http:\/\/graenaorkan.is\/?p=1080"},"modified":"2015-06-26T13:45:32","modified_gmt":"2015-06-26T13:45:32","slug":"sudur-korea-eflir-innvidi-fyrir-rafbila","status":"publish","type":"post","link":"https:\/\/graenaorkan.is\/?p=1080","title":{"rendered":"Su\u00f0ur Korea eflir innvi\u00f0i fyrir rafb\u00edla"},"content":{"rendered":"<p><a href=\"http:\/\/www.electric-vehiclenews.com\/2014\/04\/electric-car-sales-set-to-take-off-in.html\">\u00cdvilnunum<\/a> sem stj\u00f3rnv\u00f6ld \u00ed Su\u00f0ur K\u00f3reu hafa bo\u00f0i\u00f0 kaupendum rafb\u00edla s\u00ed\u00f0an 2010 hefur veri\u00f0 vel teki\u00f0 af almenningi. \u00de\u00f3 eru \u00ed dag a\u00f0eins 1800 rafb\u00edlar skr\u00e1\u00f0ir \u00ed landinu, \u00fear af 850 sem seldir voru \u00e1ri\u00f0 2014. Vi\u00f0 \u00feessu \u00e6tla stj\u00f3rnv\u00f6ld a\u00f0 breg\u00f0ast me\u00f0 \u00fev\u00ed a\u00f0 efla uppbyggingu innvi\u00f0a fyrir rafb\u00edla \u00fear sem flestir Su\u00f0ur K\u00f3reub\u00faar hafa ekki a\u00f0gang a\u00f0 rafmagni til hle\u00f0slu heima vi\u00f0 l\u00edkt og v\u00ed\u00f0a \u00e1 Vesturl\u00f6ndum. Borgarstj\u00f3rn Seoul hefur \u00e1kve\u00f0i\u00f0 a\u00f0 fj\u00f6lga \u00feeim 100 hle\u00f0slust\u00f6\u00f0um sem fyrir eru um 100.000. H\u00e9r er \u00fe\u00f3 ekki um a\u00f0 r\u00e6\u00f0a hra\u00f0hle\u00f0slust\u00f6\u00f0var, heldur rafmagnsinnstungur fyrir fer\u00f0ahle\u00f0slub\u00fana\u00f0. \u00dea\u00f0 er von stj\u00f3rnvalda a\u00f0 \u00feessar a\u00f0ger\u00f0ir, auk \u00edvilnana sem \u00feegar eru \u00ed gildi, ver\u00f0i til \u00feess a\u00f0 gl\u00e6\u00f0a rafb\u00edlas\u00f6lu \u00ed landinu og f\u00e6ri \u00feau n\u00e6r markmi\u00f0i s\u00ednu, <a href=\"http:\/\/insideevs.com\/koreas-target-200000-electric-cars-2020\/\">200.000 b\u00edlum \u00e1ri\u00f0 2020<\/a>.<\/p>\n<p>Sj\u00e1 n\u00e1nar <a href=\"http:\/\/www.navigantresearch.com\/blog\/south-korea-looks-to-jumpstart-its-pev-market\">h\u00e9r<\/a>\u00a0og <a href=\"http:\/\/www.greencarreports.com\/news\/1098806_south-korea-wants-more-electric-car-charging-stations\">h\u00e9r<\/a>.<\/p>\n<div id=\"attachment_1086\" style=\"width: 310px\" class=\"wp-caption alignright\"><a href=\"https:\/\/graenaorkan.is\/wp-content\/uploads\/2015\/06\/dc-fast-charging-2015-kia-soul-ev_100493782_m1.jpg\"><img aria-describedby=\"caption-attachment-1086\" decoding=\"async\" loading=\"lazy\" class=\"size-medium wp-image-1086\" title=\"dc-fast-charging-2015-kia-soul-ev_100493782_m\" src=\"https:\/\/graenaorkan.is\/wp-content\/uploads\/2015\/06\/dc-fast-charging-2015-kia-soul-ev_100493782_m1-300x225.jpg\" alt=\"\" width=\"300\" height=\"225\" srcset=\"https:\/\/graenaorkan.is\/wp-content\/uploads\/2015\/06\/dc-fast-charging-2015-kia-soul-ev_100493782_m1-300x225.jpg 300w, https:\/\/graenaorkan.is\/wp-content\/uploads\/2015\/06\/dc-fast-charging-2015-kia-soul-ev_100493782_m1-266x200.jpg 266w, https:\/\/graenaorkan.is\/wp-content\/uploads\/2015\/06\/dc-fast-charging-2015-kia-soul-ev_100493782_m1.jpg 640w\" sizes=\"(max-width: 300px) 100vw, 300px\" \/><\/a><p id=\"caption-attachment-1086\" class=\"wp-caption-text\">DC hra\u00f0hle\u00f0sla Kia Soul bifrei\u00f0ar<\/p><\/div>\n","protected":false},"excerpt":{"rendered":"<p>\u00cdvilnunum sem stj\u00f3rnv\u00f6ld \u00ed Su\u00f0ur K\u00f3reu hafa bo\u00f0i\u00f0 kaupendum rafb\u00edla s\u00ed\u00f0an 2010 hefur veri\u00f0 vel teki\u00f0 af almenningi. \u00de\u00f3 eru \u00ed dag a\u00f0eins 1800 rafb\u00edlar skr\u00e1\u00f0ir \u00ed landinu, \u00fear af 850 sem seldir voru \u00e1ri\u00f0 2014. Vi\u00f0 \u00feessu \u00e6tla stj\u00f3rnv\u00f6ld &hellip; <a href=\"https:\/\/graenaorkan.is\/?p=1080\">Continue reading <span class=\"meta-nav\">&rarr;<\/span><\/a><\/p>\n","protected":false},"author":5,"featured_media":0,"comment_status":"open","ping_status":"open","sticky":false,"template":"","format":"standard","meta":[],"categories":[17,20,10],"tags":[],"_links":{"self":[{"href":"https:\/\/graenaorkan.is\/index.php?rest_route=\/wp\/v2\/posts\/1080"}],"collection":[{"href":"https:\/\/graenaorkan.is\/index.php?rest_route=\/wp\/v2\/posts"}],"about":[{"href":"https:\/\/graenaorkan.is\/index.php?rest_route=\/wp\/v2\/types\/post"}],"author":[{"embeddable":true,"href":"https:\/\/graenaorkan.is\/index.php?rest_route=\/wp\/v2\/users\/5"}],"replies":[{"embeddable":true,"href":"https:\/\/graenaorkan.is\/index.php?rest_route=%2Fwp%2Fv2%2Fcomments&post=1080"}],"version-history":[{"count":5,"href":"https:\/\/graenaorkan.is\/index.php?rest_route=\/wp\/v2\/posts\/1080\/revisions"}],"predecessor-version":[{"id":1087,"href":"https:\/\/graenaorkan.is\/index.php?rest_route=\/wp\/v2\/posts\/1080\/revisions\/1087"}],"wp:attachment":[{"href":"https:\/\/graenaorkan.is\/index.php?rest_route=%2Fwp%2Fv2%2Fmedia&parent=1080"}],"wp:term":[{"taxonomy":"category","embeddable":true,"href":"https:\/\/graenaorkan.is\/index.php?rest_route=%2Fwp%2Fv2%2Fcategories&post=1080"},{"taxonomy":"post_tag","embeddable":true,"href":"https:\/\/graenaorkan.is\/index.php?rest_route=%2Fwp%2Fv2%2Ftags&post=1080"}],"curies":[{"name":"wp","href":"https:\/\/api.w.org\/{rel}","templated":true}]}}