{"id":1095,"date":"2015-07-08T16:07:05","date_gmt":"2015-07-08T16:07:05","guid":{"rendered":"http:\/\/graenaorkan.is\/?p=1095"},"modified":"2015-07-08T16:08:37","modified_gmt":"2015-07-08T16:08:37","slug":"fyrsti-rafknuni-hvalaskodunarbaturinn","status":"publish","type":"post","link":"https:\/\/graenaorkan.is\/?p=1095","title":{"rendered":"Fyrsti rafkn\u00fani hvalasko\u00f0unarb\u00e1turinn"},"content":{"rendered":"<p>N\u00e6stkomandi sunnudag mun Nor\u00f0ursigling \u00e1 H\u00fasav\u00edk taka \u00ed notkun fyrsta rafkn\u00fana hvalasko\u00f0unarb\u00e1tinn. Tv\u00edmastra skonnortan Opal er fyrsta skipi\u00f0 me\u00f0 skr\u00fafu\u00adb\u00fana\u00f0 sem jafn\u00adframt get\u00adur hla\u00f0i\u00f0 orku inn \u00e1 geym\u00adana \u00feegar \u00fea\u00f0 sigl\u00adir fyr\u00adir segl\u00adum. B\u00fana\u00f0ur hennar hefur veri\u00f0 \u00ed \u00fer\u00f3un um skei\u00f0 og er afrakstur samstarfs fj\u00f6lmargrar innlendra og erlendra a\u00f0ila.<\/p>\n<p><a href=\"https:\/\/graenaorkan.is\/wp-content\/uploads\/2015\/07\/medium_Opal-undir-seglum-ii_18225025191.jpg\"><img decoding=\"async\" loading=\"lazy\" class=\"alignleft size-medium wp-image-1102\" title=\"medium_Opal undir seglum ii_1822502519\" src=\"https:\/\/graenaorkan.is\/wp-content\/uploads\/2015\/07\/medium_Opal-undir-seglum-ii_18225025191-300x162.jpg\" alt=\"\" width=\"300\" height=\"162\" srcset=\"https:\/\/graenaorkan.is\/wp-content\/uploads\/2015\/07\/medium_Opal-undir-seglum-ii_18225025191-300x162.jpg 300w, https:\/\/graenaorkan.is\/wp-content\/uploads\/2015\/07\/medium_Opal-undir-seglum-ii_18225025191.jpg 320w\" sizes=\"(max-width: 300px) 100vw, 300px\" \/><\/a><\/p>\n<p>Sj\u00e1 n\u00e1nar <a href=\"http:\/\/www.mbl.is\/frettir\/innlent\/2015\/07\/08\/fyrsta_rafknuni_hvalaskodunarbaturinn\/\">h\u00e9r<\/a>.<\/p>\n<p>&nbsp;<\/p>\n<p>&nbsp;<\/p>\n<p>&nbsp;<\/p>\n<p>&nbsp;<\/p>\n<p>&nbsp;<\/p>\n<p>&nbsp;<\/p>\n<p>&nbsp;<\/p>\n","protected":false},"excerpt":{"rendered":"<p>N\u00e6stkomandi sunnudag mun Nor\u00f0ursigling \u00e1 H\u00fasav\u00edk taka \u00ed notkun fyrsta rafkn\u00fana hvalasko\u00f0unarb\u00e1tinn. Tv\u00edmastra skonnortan Opal er fyrsta skipi\u00f0 me\u00f0 skr\u00fafu\u00adb\u00fana\u00f0 sem jafn\u00adframt get\u00adur hla\u00f0i\u00f0 orku inn \u00e1 geym\u00adana \u00feegar \u00fea\u00f0 sigl\u00adir fyr\u00adir segl\u00adum. B\u00fana\u00f0ur hennar hefur veri\u00f0 \u00ed \u00fer\u00f3un um &hellip; <a href=\"https:\/\/graenaorkan.is\/?p=1095\">Continue reading <span class=\"meta-nav\">&rarr;<\/span><\/a><\/p>\n","protected":false},"author":5,"featured_media":0,"comment_status":"open","ping_status":"open","sticky":false,"template":"","format":"standard","meta":[],"categories":[5,10],"tags":[],"_links":{"self":[{"href":"https:\/\/graenaorkan.is\/index.php?rest_route=\/wp\/v2\/posts\/1095"}],"collection":[{"href":"https:\/\/graenaorkan.is\/index.php?rest_route=\/wp\/v2\/posts"}],"about":[{"href":"https:\/\/graenaorkan.is\/index.php?rest_route=\/wp\/v2\/types\/post"}],"author":[{"embeddable":true,"href":"https:\/\/graenaorkan.is\/index.php?rest_route=\/wp\/v2\/users\/5"}],"replies":[{"embeddable":true,"href":"https:\/\/graenaorkan.is\/index.php?rest_route=%2Fwp%2Fv2%2Fcomments&post=1095"}],"version-history":[{"count":5,"href":"https:\/\/graenaorkan.is\/index.php?rest_route=\/wp\/v2\/posts\/1095\/revisions"}],"predecessor-version":[{"id":1104,"href":"https:\/\/graenaorkan.is\/index.php?rest_route=\/wp\/v2\/posts\/1095\/revisions\/1104"}],"wp:attachment":[{"href":"https:\/\/graenaorkan.is\/index.php?rest_route=%2Fwp%2Fv2%2Fmedia&parent=1095"}],"wp:term":[{"taxonomy":"category","embeddable":true,"href":"https:\/\/graenaorkan.is\/index.php?rest_route=%2Fwp%2Fv2%2Fcategories&post=1095"},{"taxonomy":"post_tag","embeddable":true,"href":"https:\/\/graenaorkan.is\/index.php?rest_route=%2Fwp%2Fv2%2Ftags&post=1095"}],"curies":[{"name":"wp","href":"https:\/\/api.w.org\/{rel}","templated":true}]}}