{"id":1106,"date":"2015-07-14T15:48:29","date_gmt":"2015-07-14T15:48:29","guid":{"rendered":"http:\/\/graenaorkan.is\/?p=1106"},"modified":"2015-07-14T15:53:34","modified_gmt":"2015-07-14T15:53:34","slug":"rafknuid-hvalaskodunarskip-vigt","status":"publish","type":"post","link":"https:\/\/graenaorkan.is\/?p=1106","title":{"rendered":"Rafkn\u00fai\u00f0 hvalasko\u00f0unarskip v\u00edgt"},"content":{"rendered":"<p>Nor\u00f0ursigling \u00e1 H\u00fasav\u00edk v\u00edg\u00f0i \u00e1 sunnudag Opal, rafkn\u00fai\u00f0 hvalasko\u00f0unarskip sitt a\u00f0 vi\u00f0st\u00f6ddu fj\u00f6lmenni. \u00deetta er \u00ed fyrsta skipti sem t\u00e6kni sem \u00feessi er notu\u00f0 um bor\u00f0 \u00ed skipi en nota m\u00e1 skr\u00fafub\u00fana\u00f0inn til a\u00f0 hla\u00f0a rafmagni \u00a0\u00e1 rafgeymi skipsins \u00feegar \u00fea\u00f0 siglir undir seglum.<\/p>\n<p>Sj\u00e1 n\u00e1nar \u00e1 <a href=\"http:\/\/www.mbl.is\/frettir\/innlent\/2015\/07\/12\/skoda_hvali_a_rafknunu_skipi\/\">mbl.is<\/a>\u00a0og <a href=\"http:\/\/www.businesswire.com\/news\/home\/20150713005345\/en\/North-Sailing-Milestone-Eco-Friendly-Transportation#.VaTde_ntlHw\">Business Wire<\/a>.<\/p>\n<p><a href=\"https:\/\/graenaorkan.is\/wp-content\/uploads\/2015\/07\/IMG_05601.jpg\"><img decoding=\"async\" loading=\"lazy\" class=\"alignleft size-medium wp-image-1114\" title=\"IMG_0560\" src=\"https:\/\/graenaorkan.is\/wp-content\/uploads\/2015\/07\/IMG_05601-300x199.jpg\" alt=\"\" width=\"300\" height=\"199\" srcset=\"https:\/\/graenaorkan.is\/wp-content\/uploads\/2015\/07\/IMG_05601-300x200.jpg 300w, https:\/\/graenaorkan.is\/wp-content\/uploads\/2015\/07\/IMG_05601-1024x681.jpg 1024w\" sizes=\"(max-width: 300px) 100vw, 300px\" \/><\/a><a href=\"https:\/\/graenaorkan.is\/wp-content\/uploads\/2015\/07\/IMG_05581.jpg\"><img decoding=\"async\" loading=\"lazy\" class=\"alignleft size-medium wp-image-1115\" title=\"IMG_0558\" src=\"https:\/\/graenaorkan.is\/wp-content\/uploads\/2015\/07\/IMG_05581-300x199.jpg\" alt=\"\" width=\"300\" height=\"199\" srcset=\"https:\/\/graenaorkan.is\/wp-content\/uploads\/2015\/07\/IMG_05581-300x200.jpg 300w, https:\/\/graenaorkan.is\/wp-content\/uploads\/2015\/07\/IMG_05581-1024x681.jpg 1024w\" sizes=\"(max-width: 300px) 100vw, 300px\" \/><\/a><\/p>\n<p><a href=\"https:\/\/graenaorkan.is\/wp-content\/uploads\/2015\/07\/IMG_0478.jpg\"><img decoding=\"async\" loading=\"lazy\" class=\"alignleft size-medium wp-image-1107\" title=\"IMG_0478\" src=\"https:\/\/graenaorkan.is\/wp-content\/uploads\/2015\/07\/IMG_0478-300x199.jpg\" alt=\"\" width=\"300\" height=\"199\" srcset=\"https:\/\/graenaorkan.is\/wp-content\/uploads\/2015\/07\/IMG_0478-300x200.jpg 300w, https:\/\/graenaorkan.is\/wp-content\/uploads\/2015\/07\/IMG_0478-1024x681.jpg 1024w\" sizes=\"(max-width: 300px) 100vw, 300px\" \/><\/a><a href=\"https:\/\/graenaorkan.is\/wp-content\/uploads\/2015\/07\/IMG_0521.jpg\"><img decoding=\"async\" loading=\"lazy\" class=\"alignleft size-medium wp-image-1108\" title=\"IMG_0521\" src=\"https:\/\/graenaorkan.is\/wp-content\/uploads\/2015\/07\/IMG_0521-300x199.jpg\" alt=\"\" width=\"300\" height=\"199\" srcset=\"https:\/\/graenaorkan.is\/wp-content\/uploads\/2015\/07\/IMG_0521-300x200.jpg 300w, https:\/\/graenaorkan.is\/wp-content\/uploads\/2015\/07\/IMG_0521-1024x681.jpg 1024w\" sizes=\"(max-width: 300px) 100vw, 300px\" \/><\/a><\/p>\n<p><a href=\"https:\/\/graenaorkan.is\/wp-content\/uploads\/2015\/07\/IMG_0539.jpg\"><img decoding=\"async\" loading=\"lazy\" class=\"alignleft size-medium wp-image-1109\" title=\"IMG_0539\" src=\"https:\/\/graenaorkan.is\/wp-content\/uploads\/2015\/07\/IMG_0539-300x199.jpg\" alt=\"\" width=\"300\" height=\"199\" srcset=\"https:\/\/graenaorkan.is\/wp-content\/uploads\/2015\/07\/IMG_0539-300x200.jpg 300w, https:\/\/graenaorkan.is\/wp-content\/uploads\/2015\/07\/IMG_0539-1024x681.jpg 1024w\" sizes=\"(max-width: 300px) 100vw, 300px\" \/><\/a><a href=\"https:\/\/graenaorkan.is\/wp-content\/uploads\/2015\/07\/IMG_0543.jpg\"><img decoding=\"async\" loading=\"lazy\" class=\"alignleft size-medium wp-image-1110\" title=\"IMG_0543\" src=\"https:\/\/graenaorkan.is\/wp-content\/uploads\/2015\/07\/IMG_0543-300x199.jpg\" alt=\"\" width=\"300\" height=\"199\" srcset=\"https:\/\/graenaorkan.is\/wp-content\/uploads\/2015\/07\/IMG_0543-300x200.jpg 300w, https:\/\/graenaorkan.is\/wp-content\/uploads\/2015\/07\/IMG_0543-1024x681.jpg 1024w\" sizes=\"(max-width: 300px) 100vw, 300px\" \/><\/a><\/p>\n","protected":false},"excerpt":{"rendered":"<p>Nor\u00f0ursigling \u00e1 H\u00fasav\u00edk v\u00edg\u00f0i \u00e1 sunnudag Opal, rafkn\u00fai\u00f0 hvalasko\u00f0unarskip sitt a\u00f0 vi\u00f0st\u00f6ddu fj\u00f6lmenni. \u00deetta er \u00ed fyrsta skipti sem t\u00e6kni sem \u00feessi er notu\u00f0 um bor\u00f0 \u00ed skipi en nota m\u00e1 skr\u00fafub\u00fana\u00f0inn til a\u00f0 hla\u00f0a rafmagni \u00a0\u00e1 rafgeymi skipsins \u00feegar &hellip; <a href=\"https:\/\/graenaorkan.is\/?p=1106\">Continue reading <span class=\"meta-nav\">&rarr;<\/span><\/a><\/p>\n","protected":false},"author":5,"featured_media":0,"comment_status":"open","ping_status":"open","sticky":false,"template":"","format":"standard","meta":[],"categories":[5,10],"tags":[],"_links":{"self":[{"href":"https:\/\/graenaorkan.is\/index.php?rest_route=\/wp\/v2\/posts\/1106"}],"collection":[{"href":"https:\/\/graenaorkan.is\/index.php?rest_route=\/wp\/v2\/posts"}],"about":[{"href":"https:\/\/graenaorkan.is\/index.php?rest_route=\/wp\/v2\/types\/post"}],"author":[{"embeddable":true,"href":"https:\/\/graenaorkan.is\/index.php?rest_route=\/wp\/v2\/users\/5"}],"replies":[{"embeddable":true,"href":"https:\/\/graenaorkan.is\/index.php?rest_route=%2Fwp%2Fv2%2Fcomments&post=1106"}],"version-history":[{"count":3,"href":"https:\/\/graenaorkan.is\/index.php?rest_route=\/wp\/v2\/posts\/1106\/revisions"}],"predecessor-version":[{"id":1116,"href":"https:\/\/graenaorkan.is\/index.php?rest_route=\/wp\/v2\/posts\/1106\/revisions\/1116"}],"wp:attachment":[{"href":"https:\/\/graenaorkan.is\/index.php?rest_route=%2Fwp%2Fv2%2Fmedia&parent=1106"}],"wp:term":[{"taxonomy":"category","embeddable":true,"href":"https:\/\/graenaorkan.is\/index.php?rest_route=%2Fwp%2Fv2%2Fcategories&post=1106"},{"taxonomy":"post_tag","embeddable":true,"href":"https:\/\/graenaorkan.is\/index.php?rest_route=%2Fwp%2Fv2%2Ftags&post=1106"}],"curies":[{"name":"wp","href":"https:\/\/api.w.org\/{rel}","templated":true}]}}