{"id":1118,"date":"2015-07-16T09:48:00","date_gmt":"2015-07-16T09:48:00","guid":{"rendered":"http:\/\/graenaorkan.is\/?p=1118"},"modified":"2015-07-16T10:18:36","modified_gmt":"2015-07-16T10:18:36","slug":"malthing-um-oxun-metans-14-agust","status":"publish","type":"post","link":"https:\/\/graenaorkan.is\/?p=1118","title":{"rendered":"M\u00e1l\u00feing um oxun metans 14. \u00e1g\u00fast"},"content":{"rendered":"<p>\u00deann 14. \u00e1g\u00fast n\u00e6stkomandi munu EFLA verkfr\u00e6\u00f0istofa og Samband \u00edslenskra sveitarf\u00e9laga standa fyrir m\u00e1l\u00feingi um oxun metans. Fjalla\u00f0 ver\u00f0ur um me\u00f0h\u00f6ndlun hauggass \u00e1 nokkrum ur\u00f0unarst\u00f6\u00f0um \u00e1 \u00cdslandi auk \u00feess sem Alexandre Cabral mun kynna ranns\u00f3knir og a\u00f0fer\u00f0ir vi\u00f0 oxun metans \u00ed Quebec \u00ed Kanada. M\u00e1l\u00feingi\u00f0 fer fram \u00ed h\u00fasakynnum Sorpu \u00ed \u00c1lfsnesi fyrir h\u00e1degi, 9-12.<\/p>\n<p>Dagskr\u00e1 m\u00e1 n\u00e1lgast <a href=\"https:\/\/graenaorkan.is\/wp-content\/uploads\/2015\/07\/Auglysing_Dagskra_malthing_OxunMetans_14_8_20152.pdf\">h\u00e9r<\/a>\u00a0og skr\u00e1ning er ekki nau\u00f0synleg.<\/p>\n<pre><\/pre>\n","protected":false},"excerpt":{"rendered":"<p>\u00deann 14. \u00e1g\u00fast n\u00e6stkomandi munu EFLA verkfr\u00e6\u00f0istofa og Samband \u00edslenskra sveitarf\u00e9laga standa fyrir m\u00e1l\u00feingi um oxun metans. Fjalla\u00f0 ver\u00f0ur um me\u00f0h\u00f6ndlun hauggass \u00e1 nokkrum ur\u00f0unarst\u00f6\u00f0um \u00e1 \u00cdslandi auk \u00feess sem Alexandre Cabral mun kynna ranns\u00f3knir og a\u00f0fer\u00f0ir vi\u00f0 oxun metans &hellip; <a href=\"https:\/\/graenaorkan.is\/?p=1118\">Continue reading <span class=\"meta-nav\">&rarr;<\/span><\/a><\/p>\n","protected":false},"author":5,"featured_media":0,"comment_status":"open","ping_status":"open","sticky":false,"template":"","format":"standard","meta":[],"categories":[5,8],"tags":[],"_links":{"self":[{"href":"https:\/\/graenaorkan.is\/index.php?rest_route=\/wp\/v2\/posts\/1118"}],"collection":[{"href":"https:\/\/graenaorkan.is\/index.php?rest_route=\/wp\/v2\/posts"}],"about":[{"href":"https:\/\/graenaorkan.is\/index.php?rest_route=\/wp\/v2\/types\/post"}],"author":[{"embeddable":true,"href":"https:\/\/graenaorkan.is\/index.php?rest_route=\/wp\/v2\/users\/5"}],"replies":[{"embeddable":true,"href":"https:\/\/graenaorkan.is\/index.php?rest_route=%2Fwp%2Fv2%2Fcomments&post=1118"}],"version-history":[{"count":3,"href":"https:\/\/graenaorkan.is\/index.php?rest_route=\/wp\/v2\/posts\/1118\/revisions"}],"predecessor-version":[{"id":1123,"href":"https:\/\/graenaorkan.is\/index.php?rest_route=\/wp\/v2\/posts\/1118\/revisions\/1123"}],"wp:attachment":[{"href":"https:\/\/graenaorkan.is\/index.php?rest_route=%2Fwp%2Fv2%2Fmedia&parent=1118"}],"wp:term":[{"taxonomy":"category","embeddable":true,"href":"https:\/\/graenaorkan.is\/index.php?rest_route=%2Fwp%2Fv2%2Fcategories&post=1118"},{"taxonomy":"post_tag","embeddable":true,"href":"https:\/\/graenaorkan.is\/index.php?rest_route=%2Fwp%2Fv2%2Ftags&post=1118"}],"curies":[{"name":"wp","href":"https:\/\/api.w.org\/{rel}","templated":true}]}}