{"id":1126,"date":"2015-07-21T08:38:51","date_gmt":"2015-07-21T08:38:51","guid":{"rendered":"http:\/\/graenaorkan.is\/?p=1126"},"modified":"2015-07-21T08:42:07","modified_gmt":"2015-07-21T08:42:07","slug":"hringvegurinn-keyrdur-a-rafbil","status":"publish","type":"post","link":"https:\/\/graenaorkan.is\/?p=1126","title":{"rendered":"Hringvegurinn ekinn \u00e1 rafb\u00edl"},"content":{"rendered":"<p>\u00deeir G\u00edsli G\u00edslason, T\u00f3mas Kristj\u00e1nsson og Gu\u00f0j\u00f3n Hugberg Bj\u00f6rnsson settu n\u00fdveri\u00f0 \u00cdslandsmet \u00feegar \u00feeir keyr\u00f0u hringinn \u00ed kringum landi\u00f0 \u00e1 rafb\u00edl \u00e1 einungis 30 klukkustundum. Fyrra met, sem Gu\u00f0j\u00f3n Hugberg \u00e1tti \u00e1samt fleirum, haf\u00f0i veri\u00f0 sex dagar. Fer\u00f0in var farin \u00e1 Tesla Model S bifrei\u00f0, sem hefur 500 km dr\u00e6gi. \u00deeir f\u00e9lagar h\u00f6f\u00f0u me\u00f0 s\u00e9r hle\u00f0slust\u00f6\u00f0 \u00e1 st\u00e6r\u00f0 vi\u00f0 nestisbox sem ger\u00f0i \u00feeim kleift a\u00f0 hla\u00f0a b\u00edlinn \u00e1 \u00feremur klukkustundum me\u00f0 \u00feriggja fasa rafmagni \u00ed sta\u00f0 6-8 klukkustunda en h\u00fan var auk \u00feess nau\u00f0synleg \u00fear sem <a href=\"http:\/\/www.mbl.is\/frettir\/innlent\/2015\/07\/11\/randur_i_gotu_rafbila\/\">a\u00f0eins fj\u00f3rar hra\u00f0hle\u00f0slust\u00f6\u00f0var eru utan h\u00f6fu\u00f0borgarsv\u00e6\u00f0isins<\/a>.<\/p>\n<p>Sj\u00e1 n\u00e1nar um hringfer\u00f0ina\u00a0<a href=\"http:\/\/www.mbl.is\/frettir\/innlent\/2015\/07\/20\/foru_hringinn_a_rafmagni\/\">h\u00e9r<\/a> \u00e1 mbl.is<\/p>\n<p><a href=\"https:\/\/graenaorkan.is\/wp-content\/uploads\/2015\/07\/hringakstur-\u00e1-rafb\u00edl.jpg\"><img decoding=\"async\" loading=\"lazy\" class=\"alignleft size-medium wp-image-1127\" title=\"hringakstur \u00e1 rafb\u00edl\" src=\"https:\/\/graenaorkan.is\/wp-content\/uploads\/2015\/07\/hringakstur-\u00e1-rafb\u00edl-300x225.jpg\" alt=\"\" width=\"300\" height=\"225\" srcset=\"https:\/\/graenaorkan.is\/wp-content\/uploads\/2015\/07\/hringakstur-\u00e1-rafb\u00edl-300x225.jpg 300w, https:\/\/graenaorkan.is\/wp-content\/uploads\/2015\/07\/hringakstur-\u00e1-rafb\u00edl-266x200.jpg 266w, https:\/\/graenaorkan.is\/wp-content\/uploads\/2015\/07\/hringakstur-\u00e1-rafb\u00edl.jpg 360w\" sizes=\"(max-width: 300px) 100vw, 300px\" \/><\/a><\/p>\n","protected":false},"excerpt":{"rendered":"<p>\u00deeir G\u00edsli G\u00edslason, T\u00f3mas Kristj\u00e1nsson og Gu\u00f0j\u00f3n Hugberg Bj\u00f6rnsson settu n\u00fdveri\u00f0 \u00cdslandsmet \u00feegar \u00feeir keyr\u00f0u hringinn \u00ed kringum landi\u00f0 \u00e1 rafb\u00edl \u00e1 einungis 30 klukkustundum. Fyrra met, sem Gu\u00f0j\u00f3n Hugberg \u00e1tti \u00e1samt fleirum, haf\u00f0i veri\u00f0 sex dagar. Fer\u00f0in var farin &hellip; <a href=\"https:\/\/graenaorkan.is\/?p=1126\">Continue reading <span class=\"meta-nav\">&rarr;<\/span><\/a><\/p>\n","protected":false},"author":5,"featured_media":0,"comment_status":"open","ping_status":"open","sticky":false,"template":"","format":"standard","meta":[],"categories":[3,17,10],"tags":[],"_links":{"self":[{"href":"https:\/\/graenaorkan.is\/index.php?rest_route=\/wp\/v2\/posts\/1126"}],"collection":[{"href":"https:\/\/graenaorkan.is\/index.php?rest_route=\/wp\/v2\/posts"}],"about":[{"href":"https:\/\/graenaorkan.is\/index.php?rest_route=\/wp\/v2\/types\/post"}],"author":[{"embeddable":true,"href":"https:\/\/graenaorkan.is\/index.php?rest_route=\/wp\/v2\/users\/5"}],"replies":[{"embeddable":true,"href":"https:\/\/graenaorkan.is\/index.php?rest_route=%2Fwp%2Fv2%2Fcomments&post=1126"}],"version-history":[{"count":5,"href":"https:\/\/graenaorkan.is\/index.php?rest_route=\/wp\/v2\/posts\/1126\/revisions"}],"predecessor-version":[{"id":1130,"href":"https:\/\/graenaorkan.is\/index.php?rest_route=\/wp\/v2\/posts\/1126\/revisions\/1130"}],"wp:attachment":[{"href":"https:\/\/graenaorkan.is\/index.php?rest_route=%2Fwp%2Fv2%2Fmedia&parent=1126"}],"wp:term":[{"taxonomy":"category","embeddable":true,"href":"https:\/\/graenaorkan.is\/index.php?rest_route=%2Fwp%2Fv2%2Fcategories&post=1126"},{"taxonomy":"post_tag","embeddable":true,"href":"https:\/\/graenaorkan.is\/index.php?rest_route=%2Fwp%2Fv2%2Ftags&post=1126"}],"curies":[{"name":"wp","href":"https:\/\/api.w.org\/{rel}","templated":true}]}}