{"id":1134,"date":"2015-07-24T12:04:40","date_gmt":"2015-07-24T12:04:40","guid":{"rendered":"http:\/\/graenaorkan.is\/?p=1134"},"modified":"2015-07-24T12:04:40","modified_gmt":"2015-07-24T12:04:40","slug":"konnun-medal-notenda-hradhledslustodva","status":"publish","type":"post","link":"https:\/\/graenaorkan.is\/?p=1134","title":{"rendered":"K\u00f6nnun me\u00f0al notenda hra\u00f0hle\u00f0slust\u00f6\u00f0va"},"content":{"rendered":"<p>\u00cdslensk N\u00fdOrka, Gr\u00e6na orkan og Orka n\u00e1tt\u00farunnar standa um \u00feessar mundir fyrir k\u00f6nnun me\u00f0al rafb\u00edlaeigenda \u00e1 \u00cdslandi. Markmi\u00f0 verkefnisins er a\u00f0 skilja notkunar- og heg\u00f0unarmynstur notenda hra\u00f0hle\u00f0slust\u00f6\u00f0va auk \u00feess a\u00f0 greina \u00fe\u00f6rf fyrir frekari uppbyggingu innvi\u00f0a fyrir rafb\u00edla. \u00dea\u00f0 er afar mikilv\u00e6gt a\u00f0 n\u00e1 til notenda st\u00f6\u00f0vanna, heyra reynslu \u00feeirra og afla uppl\u00fdsinga um \u00fea\u00f0 sem betur m\u00e6tti fara.<\/p>\n<p>\u00de\u00e1tttaka \u00ed k\u00f6nnuninni tekur \u00f6rf\u00e1ar m\u00edn\u00fatur. Hana m\u00e1 finna <a href=\"https:\/\/www.surveymonkey.com\/s\/WGDZL3G\">h\u00e9r<\/a>.<\/p>\n<p><a href=\"https:\/\/graenaorkan.is\/wp-content\/uploads\/2015\/07\/rafbil-no1.jpg\"><img decoding=\"async\" loading=\"lazy\" class=\"aligncenter size-medium wp-image-1136\" title=\"rafbil no\" src=\"https:\/\/graenaorkan.is\/wp-content\/uploads\/2015\/07\/rafbil-no1-202x300.jpg\" alt=\"\" width=\"202\" height=\"300\" srcset=\"https:\/\/graenaorkan.is\/wp-content\/uploads\/2015\/07\/rafbil-no1-202x300.jpg 202w, https:\/\/graenaorkan.is\/wp-content\/uploads\/2015\/07\/rafbil-no1-135x200.jpg 135w, https:\/\/graenaorkan.is\/wp-content\/uploads\/2015\/07\/rafbil-no1.jpg 527w\" sizes=\"(max-width: 202px) 100vw, 202px\" \/><\/a><\/p>\n","protected":false},"excerpt":{"rendered":"<p>\u00cdslensk N\u00fdOrka, Gr\u00e6na orkan og Orka n\u00e1tt\u00farunnar standa um \u00feessar mundir fyrir k\u00f6nnun me\u00f0al rafb\u00edlaeigenda \u00e1 \u00cdslandi. Markmi\u00f0 verkefnisins er a\u00f0 skilja notkunar- og heg\u00f0unarmynstur notenda hra\u00f0hle\u00f0slust\u00f6\u00f0va auk \u00feess a\u00f0 greina \u00fe\u00f6rf fyrir frekari uppbyggingu innvi\u00f0a fyrir rafb\u00edla. \u00dea\u00f0 er &hellip; <a href=\"https:\/\/graenaorkan.is\/?p=1134\">Continue reading <span class=\"meta-nav\">&rarr;<\/span><\/a><\/p>\n","protected":false},"author":5,"featured_media":0,"comment_status":"open","ping_status":"open","sticky":false,"template":"","format":"standard","meta":[],"categories":[17,10],"tags":[],"_links":{"self":[{"href":"https:\/\/graenaorkan.is\/index.php?rest_route=\/wp\/v2\/posts\/1134"}],"collection":[{"href":"https:\/\/graenaorkan.is\/index.php?rest_route=\/wp\/v2\/posts"}],"about":[{"href":"https:\/\/graenaorkan.is\/index.php?rest_route=\/wp\/v2\/types\/post"}],"author":[{"embeddable":true,"href":"https:\/\/graenaorkan.is\/index.php?rest_route=\/wp\/v2\/users\/5"}],"replies":[{"embeddable":true,"href":"https:\/\/graenaorkan.is\/index.php?rest_route=%2Fwp%2Fv2%2Fcomments&post=1134"}],"version-history":[{"count":1,"href":"https:\/\/graenaorkan.is\/index.php?rest_route=\/wp\/v2\/posts\/1134\/revisions"}],"predecessor-version":[{"id":1137,"href":"https:\/\/graenaorkan.is\/index.php?rest_route=\/wp\/v2\/posts\/1134\/revisions\/1137"}],"wp:attachment":[{"href":"https:\/\/graenaorkan.is\/index.php?rest_route=%2Fwp%2Fv2%2Fmedia&parent=1134"}],"wp:term":[{"taxonomy":"category","embeddable":true,"href":"https:\/\/graenaorkan.is\/index.php?rest_route=%2Fwp%2Fv2%2Fcategories&post=1134"},{"taxonomy":"post_tag","embeddable":true,"href":"https:\/\/graenaorkan.is\/index.php?rest_route=%2Fwp%2Fv2%2Ftags&post=1134"}],"curies":[{"name":"wp","href":"https:\/\/api.w.org\/{rel}","templated":true}]}}