{"id":1138,"date":"2015-07-30T09:38:08","date_gmt":"2015-07-30T09:38:08","guid":{"rendered":"http:\/\/graenaorkan.is\/?p=1138"},"modified":"2015-07-30T09:38:08","modified_gmt":"2015-07-30T09:38:08","slug":"fiat-chrysler-vedjar-a-vetnisbila-til-framtidar","status":"publish","type":"post","link":"https:\/\/graenaorkan.is\/?p=1138","title":{"rendered":"Fiat Chrysler ve\u00f0jar \u00e1 vetnisb\u00edla til framt\u00ed\u00f0ar"},"content":{"rendered":"<p>Umr\u00e6\u00f0ur um arftaka jar\u00f0efnaeldneytis sem orkugjafa b\u00edla heldur \u00e1fram: hinn eil\u00edfi samanbur\u00f0ur vetnis og rafmagns. Harald Wester, framkv\u00e6mdastj\u00f3ri t\u00e6knisvi\u00f0s Fiat Chrysler, telur vetni munu hafa vinninginn fram yfir rafmagn sem orkugjafi til framt\u00ed\u00f0ar. \u00cd \u00feessu sambandi vildi hann \u00fe\u00f3 ekki tj\u00e1 sig um uppbyggingu innvi\u00f0a fyrir vetnisbifrei\u00f0ar og vildi ekki gera miki\u00f0 \u00far \u00fev\u00ed hversu einfalt s\u00e9 a\u00f0 setja upp hle\u00f0slust\u00f6\u00f0 fyrir rafb\u00edla.<\/p>\n<p>Smelli\u00f0\u00a0<a href=\"http:\/\/www.greencarreports.com\/news\/1099303_fiat-chrysler-cto-fuel-cells-are-the-future-batteries-are-not\" target=\"_blank\">h\u00e9r<\/a>\u00a0fyrir grein og\u00a0<a href=\"http:\/\/blogs.motortrend.com\/1507_maserati_alfa_romeo_ceo_talks_future_cars_powertrains.html\" target=\"_blank\">vi\u00f0tal<\/a>\u00a0vi\u00f0 Wester.<\/p>\n<div id=\"attachment_1139\" style=\"width: 310px\" class=\"wp-caption aligncenter\"><a href=\"https:\/\/graenaorkan.is\/wp-content\/uploads\/2015\/07\/fiat_500_front.jpg\"><img aria-describedby=\"caption-attachment-1139\" decoding=\"async\" loading=\"lazy\" class=\"size-medium wp-image-1139\" title=\"fiat_500_front\" src=\"https:\/\/graenaorkan.is\/wp-content\/uploads\/2015\/07\/fiat_500_front-300x200.jpg\" alt=\"\" width=\"300\" height=\"200\" srcset=\"https:\/\/graenaorkan.is\/wp-content\/uploads\/2015\/07\/fiat_500_front-300x200.jpg 300w, https:\/\/graenaorkan.is\/wp-content\/uploads\/2015\/07\/fiat_500_front-1024x682.jpg 1024w, https:\/\/graenaorkan.is\/wp-content\/uploads\/2015\/07\/fiat_500_front.jpg 1200w\" sizes=\"(max-width: 300px) 100vw, 300px\" \/><\/a><p id=\"caption-attachment-1139\" class=\"wp-caption-text\">2016 \u00fatg\u00e1fa Fiat 500 (Mynd: AutoExpress.co.uk)<\/p><\/div>\n<p style=\"text-align: center;\">\n","protected":false},"excerpt":{"rendered":"<p>Umr\u00e6\u00f0ur um arftaka jar\u00f0efnaeldneytis sem orkugjafa b\u00edla heldur \u00e1fram: hinn eil\u00edfi samanbur\u00f0ur vetnis og rafmagns. Harald Wester, framkv\u00e6mdastj\u00f3ri t\u00e6knisvi\u00f0s Fiat Chrysler, telur vetni munu hafa vinninginn fram yfir rafmagn sem orkugjafi til framt\u00ed\u00f0ar. \u00cd \u00feessu sambandi vildi hann \u00fe\u00f3 ekki &hellip; <a href=\"https:\/\/graenaorkan.is\/?p=1138\">Continue reading <span class=\"meta-nav\">&rarr;<\/span><\/a><\/p>\n","protected":false},"author":5,"featured_media":0,"comment_status":"open","ping_status":"open","sticky":false,"template":"","format":"standard","meta":[],"categories":[3,11],"tags":[],"_links":{"self":[{"href":"https:\/\/graenaorkan.is\/index.php?rest_route=\/wp\/v2\/posts\/1138"}],"collection":[{"href":"https:\/\/graenaorkan.is\/index.php?rest_route=\/wp\/v2\/posts"}],"about":[{"href":"https:\/\/graenaorkan.is\/index.php?rest_route=\/wp\/v2\/types\/post"}],"author":[{"embeddable":true,"href":"https:\/\/graenaorkan.is\/index.php?rest_route=\/wp\/v2\/users\/5"}],"replies":[{"embeddable":true,"href":"https:\/\/graenaorkan.is\/index.php?rest_route=%2Fwp%2Fv2%2Fcomments&post=1138"}],"version-history":[{"count":2,"href":"https:\/\/graenaorkan.is\/index.php?rest_route=\/wp\/v2\/posts\/1138\/revisions"}],"predecessor-version":[{"id":1141,"href":"https:\/\/graenaorkan.is\/index.php?rest_route=\/wp\/v2\/posts\/1138\/revisions\/1141"}],"wp:attachment":[{"href":"https:\/\/graenaorkan.is\/index.php?rest_route=%2Fwp%2Fv2%2Fmedia&parent=1138"}],"wp:term":[{"taxonomy":"category","embeddable":true,"href":"https:\/\/graenaorkan.is\/index.php?rest_route=%2Fwp%2Fv2%2Fcategories&post=1138"},{"taxonomy":"post_tag","embeddable":true,"href":"https:\/\/graenaorkan.is\/index.php?rest_route=%2Fwp%2Fv2%2Ftags&post=1138"}],"curies":[{"name":"wp","href":"https:\/\/api.w.org\/{rel}","templated":true}]}}