{"id":1143,"date":"2015-08-04T14:54:07","date_gmt":"2015-08-04T14:54:07","guid":{"rendered":"http:\/\/graenaorkan.is\/?p=1143"},"modified":"2015-08-04T14:54:07","modified_gmt":"2015-08-04T14:54:07","slug":"stor-vetnisstod-fyrirhugud-i-san-fransisco","status":"publish","type":"post","link":"https:\/\/graenaorkan.is\/?p=1143","title":{"rendered":"St\u00f3r vetnisst\u00f6\u00f0 fyrirhugu\u00f0 \u00ed San Fransisco"},"content":{"rendered":"<p>Bygging st\u00e6rstu vetnisst\u00f6\u00f0var heims er fyrirhugu\u00f0 \u00ed San Fransisco innan f\u00e1rra \u00e1ra. Verkefni\u00f0, sem styrkt er b\u00e6\u00f0i af hinu opinbera og einkaa\u00f0ilum, mi\u00f0ar a\u00f0 \u00fev\u00ed a\u00f0 reisa vetnisst\u00f6\u00f0 sem \u00fej\u00f3nar farart\u00e6kjum \u00e1 landi og sj\u00f3. Framlei\u00f0slugeta hennar ver\u00f0ur um 1500 kg vetnis \u00e1 dag, en \u00fear af mun n\u00fd vetnisferja \u00feurfa tvo \u00feri\u00f0ju hluta \u00feess magns.<\/p>\n<p>Frekari uppl\u00fdsingar um verkefni\u00f0 er a\u00f0 finna <a href=\"http:\/\/www.greencarreports.com\/news\/1099393_worlds-biggest-hydrogen-station-planned-for-san-francisco-cars-ferries-to-fuel-there\" target=\"_blank\">h\u00e9r<\/a>.<\/p>\n<p>&nbsp;<\/p>\n","protected":false},"excerpt":{"rendered":"<p>Bygging st\u00e6rstu vetnisst\u00f6\u00f0var heims er fyrirhugu\u00f0 \u00ed San Fransisco innan f\u00e1rra \u00e1ra. Verkefni\u00f0, sem styrkt er b\u00e6\u00f0i af hinu opinbera og einkaa\u00f0ilum, mi\u00f0ar a\u00f0 \u00fev\u00ed a\u00f0 reisa vetnisst\u00f6\u00f0 sem \u00fej\u00f3nar farart\u00e6kjum \u00e1 landi og sj\u00f3. Framlei\u00f0slugeta hennar ver\u00f0ur um 1500 &hellip; <a href=\"https:\/\/graenaorkan.is\/?p=1143\">Continue reading <span class=\"meta-nav\">&rarr;<\/span><\/a><\/p>\n","protected":false},"author":5,"featured_media":0,"comment_status":"open","ping_status":"open","sticky":false,"template":"","format":"standard","meta":[],"categories":[17,11],"tags":[],"_links":{"self":[{"href":"https:\/\/graenaorkan.is\/index.php?rest_route=\/wp\/v2\/posts\/1143"}],"collection":[{"href":"https:\/\/graenaorkan.is\/index.php?rest_route=\/wp\/v2\/posts"}],"about":[{"href":"https:\/\/graenaorkan.is\/index.php?rest_route=\/wp\/v2\/types\/post"}],"author":[{"embeddable":true,"href":"https:\/\/graenaorkan.is\/index.php?rest_route=\/wp\/v2\/users\/5"}],"replies":[{"embeddable":true,"href":"https:\/\/graenaorkan.is\/index.php?rest_route=%2Fwp%2Fv2%2Fcomments&post=1143"}],"version-history":[{"count":1,"href":"https:\/\/graenaorkan.is\/index.php?rest_route=\/wp\/v2\/posts\/1143\/revisions"}],"predecessor-version":[{"id":1144,"href":"https:\/\/graenaorkan.is\/index.php?rest_route=\/wp\/v2\/posts\/1143\/revisions\/1144"}],"wp:attachment":[{"href":"https:\/\/graenaorkan.is\/index.php?rest_route=%2Fwp%2Fv2%2Fmedia&parent=1143"}],"wp:term":[{"taxonomy":"category","embeddable":true,"href":"https:\/\/graenaorkan.is\/index.php?rest_route=%2Fwp%2Fv2%2Fcategories&post=1143"},{"taxonomy":"post_tag","embeddable":true,"href":"https:\/\/graenaorkan.is\/index.php?rest_route=%2Fwp%2Fv2%2Ftags&post=1143"}],"curies":[{"name":"wp","href":"https:\/\/api.w.org\/{rel}","templated":true}]}}