{"id":1150,"date":"2015-08-12T11:02:18","date_gmt":"2015-08-12T11:02:18","guid":{"rendered":"http:\/\/graenaorkan.is\/?p=1150"},"modified":"2015-08-12T11:02:18","modified_gmt":"2015-08-12T11:02:18","slug":"ford-rafbilaeigendur-anaegdir-med-sina-bila","status":"publish","type":"post","link":"https:\/\/graenaorkan.is\/?p=1150","title":{"rendered":"Ford rafb\u00edlaeigendur \u00e1n\u00e6g\u00f0ir me\u00f0 s\u00edna b\u00edla"},"content":{"rendered":"<p>Ford l\u00e9t n\u00fdveri\u00f0 gera k\u00f6nnun me\u00f0al t\u00edu \u00fe\u00fasund vi\u00f0skiptavina sem keypt h\u00f6f\u00f0u rafb\u00edl e\u00f0a tvinnb\u00edl fr\u00e1 fyrirt\u00e6kinu. \u00dear kom fram a\u00f0 9 af hverjum 10 hyggist ekki kaupa b\u00edl sem kn\u00fainn er jar\u00f0efnaeldsneyti aftur, e\u00f0a 92% rafb\u00edlaeigenda og 94% tvinnb\u00edleigenda. \u00de\u00e1tttakendur nefndu helst j\u00e1kv\u00e6\u00f0a akstursupplifun og j\u00e1kv\u00e6tt mat \u00e1 vistv\u00e6nni t\u00e6kni sem \u00e1st\u00e6\u00f0ur fyrir \u00feessari \u00e1kv\u00f6r\u00f0un.<\/p>\n<p>Sj\u00e1 n\u00e1nar \u00ed umfj\u00f6llun <a href=\"http:\/\/cleantechnica.com\/2015\/08\/09\/ct-exclusive-interview-10000-ev-drivers-cant-wrong-can-different\/\" target=\"_blank\">CleanTechnica<\/a> og <a href=\"http:\/\/www.greencarreports.com\/news\/1099531_electric-car-drivers-tell-ford-well-never-go-back-to-gasoline\" target=\"_blank\">h\u00e9r<\/a>.<\/p>\n<p><a href=\"https:\/\/graenaorkan.is\/wp-content\/uploads\/2015\/08\/fordfocuselectricside.jpg\"><img decoding=\"async\" loading=\"lazy\" class=\"aligncenter size-medium wp-image-1151\" title=\"fordfocuselectricside\" src=\"https:\/\/graenaorkan.is\/wp-content\/uploads\/2015\/08\/fordfocuselectricside-300x130.jpg\" alt=\"\" width=\"300\" height=\"130\" srcset=\"https:\/\/graenaorkan.is\/wp-content\/uploads\/2015\/08\/fordfocuselectricside-300x130.jpg 300w, https:\/\/graenaorkan.is\/wp-content\/uploads\/2015\/08\/fordfocuselectricside-1024x447.jpg 1024w, https:\/\/graenaorkan.is\/wp-content\/uploads\/2015\/08\/fordfocuselectricside-420x183.jpg 420w\" sizes=\"(max-width: 300px) 100vw, 300px\" \/><\/a><\/p>\n","protected":false},"excerpt":{"rendered":"<p>Ford l\u00e9t n\u00fdveri\u00f0 gera k\u00f6nnun me\u00f0al t\u00edu \u00fe\u00fasund vi\u00f0skiptavina sem keypt h\u00f6f\u00f0u rafb\u00edl e\u00f0a tvinnb\u00edl fr\u00e1 fyrirt\u00e6kinu. \u00dear kom fram a\u00f0 9 af hverjum 10 hyggist ekki kaupa b\u00edl sem kn\u00fainn er jar\u00f0efnaeldsneyti aftur, e\u00f0a 92% rafb\u00edlaeigenda og 94% tvinnb\u00edleigenda. &hellip; <a href=\"https:\/\/graenaorkan.is\/?p=1150\">Continue reading <span class=\"meta-nav\">&rarr;<\/span><\/a><\/p>\n","protected":false},"author":5,"featured_media":0,"comment_status":"open","ping_status":"open","sticky":false,"template":"","format":"standard","meta":[],"categories":[3,10],"tags":[],"_links":{"self":[{"href":"https:\/\/graenaorkan.is\/index.php?rest_route=\/wp\/v2\/posts\/1150"}],"collection":[{"href":"https:\/\/graenaorkan.is\/index.php?rest_route=\/wp\/v2\/posts"}],"about":[{"href":"https:\/\/graenaorkan.is\/index.php?rest_route=\/wp\/v2\/types\/post"}],"author":[{"embeddable":true,"href":"https:\/\/graenaorkan.is\/index.php?rest_route=\/wp\/v2\/users\/5"}],"replies":[{"embeddable":true,"href":"https:\/\/graenaorkan.is\/index.php?rest_route=%2Fwp%2Fv2%2Fcomments&post=1150"}],"version-history":[{"count":1,"href":"https:\/\/graenaorkan.is\/index.php?rest_route=\/wp\/v2\/posts\/1150\/revisions"}],"predecessor-version":[{"id":1152,"href":"https:\/\/graenaorkan.is\/index.php?rest_route=\/wp\/v2\/posts\/1150\/revisions\/1152"}],"wp:attachment":[{"href":"https:\/\/graenaorkan.is\/index.php?rest_route=%2Fwp%2Fv2%2Fmedia&parent=1150"}],"wp:term":[{"taxonomy":"category","embeddable":true,"href":"https:\/\/graenaorkan.is\/index.php?rest_route=%2Fwp%2Fv2%2Fcategories&post=1150"},{"taxonomy":"post_tag","embeddable":true,"href":"https:\/\/graenaorkan.is\/index.php?rest_route=%2Fwp%2Fv2%2Ftags&post=1150"}],"curies":[{"name":"wp","href":"https:\/\/api.w.org\/{rel}","templated":true}]}}