{"id":1156,"date":"2015-08-17T11:09:57","date_gmt":"2015-08-17T11:09:57","guid":{"rendered":"http:\/\/graenaorkan.is\/?p=1156"},"modified":"2015-08-18T08:07:24","modified_gmt":"2015-08-18T08:07:24","slug":"allir-nyjir-bilar-verdi-kolefnisfriir-arid-2025-i-noregi","status":"publish","type":"post","link":"https:\/\/graenaorkan.is\/?p=1156","title":{"rendered":"Allir n\u00fdir b\u00edlar ver\u00f0i kolefnisfr\u00edir \u00e1ri\u00f0 2025 \u00ed Noregi"},"content":{"rendered":"<p>Allir n\u00fdir b\u00edlar skulu vera kolefnisfr\u00edir fr\u00e1 \u00e1rinu 2025; \u00feetta er einn li\u00f0ur \u00ed vi\u00f0leitni Osl\u00f3borgar til \u00feess a\u00f0 draga \u00far \u00fatbl\u00e6stri gr\u00f3\u00f0uh\u00fasalofttegunda. \u00deetta kom fram \u00ed r\u00e6\u00f0u Ola Elvestuen, norsks \u00feingmanns, \u00e1 EV Roadmap 8 r\u00e1\u00f0stefnu \u00ed Portland \u00ed Bandar\u00edkjunum \u00ed li\u00f0inni viku. Framkv\u00e6mdastj\u00f3rn Evr\u00f3pusambandsins sam\u00feykkti \u00ed lok \u00e1rs 2014 <a href=\"http:\/\/www.theguardian.com\/world\/2014\/oct\/24\/eu-leaders-agree-to-cut-greenhouse-gas-emissions-by-40-by-2030\" target=\"_blank\">markmi\u00f0 um a\u00f0 draga \u00far \u00fatbl\u00e6stri gr\u00f3\u00f0urh\u00fasalofttegunda um 40% mi\u00f0a\u00f0 vi\u00f0 \u00e1ri\u00f0 1990 fyrir 2030<\/a>. \u00dear sem 97% norskrar raforku er n\u00fa \u00feegar framleidd me\u00f0 endurn\u00fdjanlegum orkugj\u00f6fum (vatnsorku) \u00fearf a\u00f0 horfa til samgangna til a\u00f0 minnka kolefnis\u00fatbl\u00e1stur. \u00c1 me\u00f0al markmi\u00f0a Osl\u00f3borgar eru:<\/p>\n<ul>\n<li>farat\u00e6ki til almenningssamgangna noti vistv\u00e6na orkugjafa (kolefnislausa) fyrir 2020<\/li>\n<li>leigubifrei\u00f0ar noti eing\u00f6ngu hreina orku fyrir 2022<\/li>\n<\/ul>\n<div>Til \u00feess a\u00f0 n\u00e1 \u00feessum markmi\u00f0um hefur norska r\u00edkisstj\u00f3rnin sett \u00fdmsar \u00edvilnanir vegna rafb\u00edla, sem hafa bori\u00f0 \u00e1rangur en \u00ed dag eru rafb\u00edlar \u00ed Noregi r\u00famlega <a href=\"http:\/\/www.gronnbil.no\/statistikk\/\" target=\"_blank\">66.000<\/a>.<\/div>\n<div>N\u00e1nar um fr\u00e9ttina <a href=\"http:\/\/www.greencarreports.com\/news\/1099324_norways-goal-all-new-cars-will-be-electric-by-2025-to-cut-carbon\" target=\"_blank\">h\u00e9r<\/a>.<\/div>\n","protected":false},"excerpt":{"rendered":"<p>Allir n\u00fdir b\u00edlar skulu vera kolefnisfr\u00edir fr\u00e1 \u00e1rinu 2025; \u00feetta er einn li\u00f0ur \u00ed vi\u00f0leitni Osl\u00f3borgar til \u00feess a\u00f0 draga \u00far \u00fatbl\u00e6stri gr\u00f3\u00f0uh\u00fasalofttegunda. \u00deetta kom fram \u00ed r\u00e6\u00f0u Ola Elvestuen, norsks \u00feingmanns, \u00e1 EV Roadmap 8 r\u00e1\u00f0stefnu \u00ed Portland \u00ed &hellip; <a href=\"https:\/\/graenaorkan.is\/?p=1156\">Continue reading <span class=\"meta-nav\">&rarr;<\/span><\/a><\/p>\n","protected":false},"author":5,"featured_media":0,"comment_status":"open","ping_status":"open","sticky":false,"template":"","format":"standard","meta":[],"categories":[3,20,10],"tags":[],"_links":{"self":[{"href":"https:\/\/graenaorkan.is\/index.php?rest_route=\/wp\/v2\/posts\/1156"}],"collection":[{"href":"https:\/\/graenaorkan.is\/index.php?rest_route=\/wp\/v2\/posts"}],"about":[{"href":"https:\/\/graenaorkan.is\/index.php?rest_route=\/wp\/v2\/types\/post"}],"author":[{"embeddable":true,"href":"https:\/\/graenaorkan.is\/index.php?rest_route=\/wp\/v2\/users\/5"}],"replies":[{"embeddable":true,"href":"https:\/\/graenaorkan.is\/index.php?rest_route=%2Fwp%2Fv2%2Fcomments&post=1156"}],"version-history":[{"count":3,"href":"https:\/\/graenaorkan.is\/index.php?rest_route=\/wp\/v2\/posts\/1156\/revisions"}],"predecessor-version":[{"id":1159,"href":"https:\/\/graenaorkan.is\/index.php?rest_route=\/wp\/v2\/posts\/1156\/revisions\/1159"}],"wp:attachment":[{"href":"https:\/\/graenaorkan.is\/index.php?rest_route=%2Fwp%2Fv2%2Fmedia&parent=1156"}],"wp:term":[{"taxonomy":"category","embeddable":true,"href":"https:\/\/graenaorkan.is\/index.php?rest_route=%2Fwp%2Fv2%2Fcategories&post=1156"},{"taxonomy":"post_tag","embeddable":true,"href":"https:\/\/graenaorkan.is\/index.php?rest_route=%2Fwp%2Fv2%2Ftags&post=1156"}],"curies":[{"name":"wp","href":"https:\/\/api.w.org\/{rel}","templated":true}]}}