{"id":1160,"date":"2015-08-20T08:09:11","date_gmt":"2015-08-20T08:09:11","guid":{"rendered":"http:\/\/graenaorkan.is\/?p=1160"},"modified":"2015-08-20T08:10:39","modified_gmt":"2015-08-20T08:10:39","slug":"radstefna1-2-sept-nordic-electric-bus-initiatives","status":"publish","type":"post","link":"https:\/\/graenaorkan.is\/?p=1160","title":{"rendered":"R\u00e1\u00f0stefna1.-2. sept: Nordic Electric Bus Initiatives"},"content":{"rendered":"<p>1.-2. september n\u00e6stkomandi ver\u00f0ur haldin m\u00e1lstofa um \u00fer\u00f3un rafmagnsstr\u00e6tisvagna \u00ed Lindholmen v\u00edsindagar\u00f0i \u00ed Gautaborg. \u00dea\u00f0 eru Swedish Forum for transport innovation og Nordic Energy Research sem standa a\u00f0 m\u00e1lstofunni. Markmi\u00f0 hennar er a\u00f0 efla tengsl \u00e1 milli \u00a0framlei\u00f0enda, h\u00e1sk\u00f3lasamf\u00e9lagsins og\u00a0\u00feeirra sem koma a\u00f0 samg\u00f6ngum\u00e1lum, \u00a0mi\u00f0la \u00feekkingu og r\u00e6\u00f0a m\u00f6guleika og hindranir til rafv\u00e6\u00f0ingar str\u00e6tisvagna \u00ed almenningssamg\u00f6ngum.<\/p>\n<p>\u00de\u00e1tttaka er \u00f3keypis. Dagskr\u00e1 og n\u00e1nari uppl\u00fdsingar er a\u00f0 finna\u00a0<a href=\"http:\/\/admin.getanewsletter.com\/site_media\/uploads\/4166\/images\/NordicElectricBusInitiatives-SAVETHEDATE1-2sept20151.pdf\">h\u00e9r<\/a>\u00a0og <a href=\"http:\/\/www.nordicenergy.org\/articles\/nordic-electric-bus-initiatives-event\/\">h\u00e9r<\/a>.<\/p>\n<p><a href=\"https:\/\/graenaorkan.is\/wp-content\/uploads\/2015\/08\/electric-bus-test-4.jpg\"><img decoding=\"async\" loading=\"lazy\" class=\"aligncenter size-medium wp-image-1162\" title=\"electric-bus-test-4\" src=\"https:\/\/graenaorkan.is\/wp-content\/uploads\/2015\/08\/electric-bus-test-4-300x225.jpg\" alt=\"\" width=\"300\" height=\"225\" srcset=\"https:\/\/graenaorkan.is\/wp-content\/uploads\/2015\/08\/electric-bus-test-4-300x225.jpg 300w, https:\/\/graenaorkan.is\/wp-content\/uploads\/2015\/08\/electric-bus-test-4-1024x768.jpg 1024w, https:\/\/graenaorkan.is\/wp-content\/uploads\/2015\/08\/electric-bus-test-4-266x200.jpg 266w, https:\/\/graenaorkan.is\/wp-content\/uploads\/2015\/08\/electric-bus-test-4.jpg 1632w\" sizes=\"(max-width: 300px) 100vw, 300px\" \/><\/a><\/p>\n","protected":false},"excerpt":{"rendered":"<p>1.-2. september n\u00e6stkomandi ver\u00f0ur haldin m\u00e1lstofa um \u00fer\u00f3un rafmagnsstr\u00e6tisvagna \u00ed Lindholmen v\u00edsindagar\u00f0i \u00ed Gautaborg. \u00dea\u00f0 eru Swedish Forum for transport innovation og Nordic Energy Research sem standa a\u00f0 m\u00e1lstofunni. Markmi\u00f0 hennar er a\u00f0 efla tengsl \u00e1 milli \u00a0framlei\u00f0enda, h\u00e1sk\u00f3lasamf\u00e9lagsins og\u00a0\u00feeirra &hellip; <a href=\"https:\/\/graenaorkan.is\/?p=1160\">Continue reading <span class=\"meta-nav\">&rarr;<\/span><\/a><\/p>\n","protected":false},"author":5,"featured_media":0,"comment_status":"open","ping_status":"open","sticky":false,"template":"","format":"standard","meta":[],"categories":[5,17,10,18],"tags":[],"_links":{"self":[{"href":"https:\/\/graenaorkan.is\/index.php?rest_route=\/wp\/v2\/posts\/1160"}],"collection":[{"href":"https:\/\/graenaorkan.is\/index.php?rest_route=\/wp\/v2\/posts"}],"about":[{"href":"https:\/\/graenaorkan.is\/index.php?rest_route=\/wp\/v2\/types\/post"}],"author":[{"embeddable":true,"href":"https:\/\/graenaorkan.is\/index.php?rest_route=\/wp\/v2\/users\/5"}],"replies":[{"embeddable":true,"href":"https:\/\/graenaorkan.is\/index.php?rest_route=%2Fwp%2Fv2%2Fcomments&post=1160"}],"version-history":[{"count":2,"href":"https:\/\/graenaorkan.is\/index.php?rest_route=\/wp\/v2\/posts\/1160\/revisions"}],"predecessor-version":[{"id":1163,"href":"https:\/\/graenaorkan.is\/index.php?rest_route=\/wp\/v2\/posts\/1160\/revisions\/1163"}],"wp:attachment":[{"href":"https:\/\/graenaorkan.is\/index.php?rest_route=%2Fwp%2Fv2%2Fmedia&parent=1160"}],"wp:term":[{"taxonomy":"category","embeddable":true,"href":"https:\/\/graenaorkan.is\/index.php?rest_route=%2Fwp%2Fv2%2Fcategories&post=1160"},{"taxonomy":"post_tag","embeddable":true,"href":"https:\/\/graenaorkan.is\/index.php?rest_route=%2Fwp%2Fv2%2Ftags&post=1160"}],"curies":[{"name":"wp","href":"https:\/\/api.w.org\/{rel}","templated":true}]}}