{"id":1168,"date":"2015-09-07T12:03:07","date_gmt":"2015-09-07T12:03:07","guid":{"rendered":"http:\/\/graenaorkan.is\/?p=1168"},"modified":"2015-09-07T12:19:24","modified_gmt":"2015-09-07T12:19:24","slug":"rafbiladagur-idunnar-25-september","status":"publish","type":"post","link":"https:\/\/graenaorkan.is\/?p=1168","title":{"rendered":"Rafb\u00edladagur I\u00f0unnar 25. september"},"content":{"rendered":"<p>I\u00f0an fr\u00e6\u00f0slusetur stendur fyrir Rafb\u00edladegi \u00feann 25. september n\u00e6stkomandi fr\u00e1 13-18 a\u00f0 Vatnag\u00f6r\u00f0um 20. Askja, B\u00edlab\u00fa\u00f0 Benna, BL, Even, Hekla og Toyota munu s\u00fdna raf- og tvinnb\u00edla \u00e1 sta\u00f0num en einnig ver\u00f0ur bo\u00f0i\u00f0 upp \u00e1 \u00f6rfyrirlestra.<\/p>\n<p>Sj\u00e1 dagskr\u00e1 <a href=\"http:\/\/idan.is\/181-efst-a-baugi\/2014\/960-rafbiladagur-idunnar-fraedsluseturs\" target=\"_blank\">h\u00e9r<\/a>.<\/p>\n<p><a href=\"https:\/\/graenaorkan.is\/wp-content\/uploads\/2015\/09\/rafbiladagur-idanis-forsida.png\"><img decoding=\"async\" loading=\"lazy\" class=\"aligncenter size-medium wp-image-1169\" title=\"rafbiladagur-idanis-forsida\" src=\"https:\/\/graenaorkan.is\/wp-content\/uploads\/2015\/09\/rafbiladagur-idanis-forsida-300x87.png\" alt=\"\" width=\"300\" height=\"87\" srcset=\"https:\/\/graenaorkan.is\/wp-content\/uploads\/2015\/09\/rafbiladagur-idanis-forsida-300x87.png 300w, https:\/\/graenaorkan.is\/wp-content\/uploads\/2015\/09\/rafbiladagur-idanis-forsida-1024x297.png 1024w, https:\/\/graenaorkan.is\/wp-content\/uploads\/2015\/09\/rafbiladagur-idanis-forsida-420x122.png 420w, https:\/\/graenaorkan.is\/wp-content\/uploads\/2015\/09\/rafbiladagur-idanis-forsida.png 1100w\" sizes=\"(max-width: 300px) 100vw, 300px\" \/><\/a><\/p>\n","protected":false},"excerpt":{"rendered":"<p>I\u00f0an fr\u00e6\u00f0slusetur stendur fyrir Rafb\u00edladegi \u00feann 25. september n\u00e6stkomandi fr\u00e1 13-18 a\u00f0 Vatnag\u00f6r\u00f0um 20. Askja, B\u00edlab\u00fa\u00f0 Benna, BL, Even, Hekla og Toyota munu s\u00fdna raf- og tvinnb\u00edla \u00e1 sta\u00f0num en einnig ver\u00f0ur bo\u00f0i\u00f0 upp \u00e1 \u00f6rfyrirlestra. Sj\u00e1 dagskr\u00e1 h\u00e9r.<\/p>\n","protected":false},"author":5,"featured_media":0,"comment_status":"open","ping_status":"open","sticky":false,"template":"","format":"standard","meta":[],"categories":[3,5],"tags":[],"_links":{"self":[{"href":"https:\/\/graenaorkan.is\/index.php?rest_route=\/wp\/v2\/posts\/1168"}],"collection":[{"href":"https:\/\/graenaorkan.is\/index.php?rest_route=\/wp\/v2\/posts"}],"about":[{"href":"https:\/\/graenaorkan.is\/index.php?rest_route=\/wp\/v2\/types\/post"}],"author":[{"embeddable":true,"href":"https:\/\/graenaorkan.is\/index.php?rest_route=\/wp\/v2\/users\/5"}],"replies":[{"embeddable":true,"href":"https:\/\/graenaorkan.is\/index.php?rest_route=%2Fwp%2Fv2%2Fcomments&post=1168"}],"version-history":[{"count":4,"href":"https:\/\/graenaorkan.is\/index.php?rest_route=\/wp\/v2\/posts\/1168\/revisions"}],"predecessor-version":[{"id":1172,"href":"https:\/\/graenaorkan.is\/index.php?rest_route=\/wp\/v2\/posts\/1168\/revisions\/1172"}],"wp:attachment":[{"href":"https:\/\/graenaorkan.is\/index.php?rest_route=%2Fwp%2Fv2%2Fmedia&parent=1168"}],"wp:term":[{"taxonomy":"category","embeddable":true,"href":"https:\/\/graenaorkan.is\/index.php?rest_route=%2Fwp%2Fv2%2Fcategories&post=1168"},{"taxonomy":"post_tag","embeddable":true,"href":"https:\/\/graenaorkan.is\/index.php?rest_route=%2Fwp%2Fv2%2Ftags&post=1168"}],"curies":[{"name":"wp","href":"https:\/\/api.w.org\/{rel}","templated":true}]}}