{"id":1174,"date":"2015-09-09T14:42:28","date_gmt":"2015-09-09T14:42:28","guid":{"rendered":"http:\/\/graenaorkan.is\/?p=1174"},"modified":"2015-09-07T15:01:06","modified_gmt":"2015-09-07T15:01:06","slug":"flestir-rafbilaeigendur-kaupa-aftur-rafbil","status":"publish","type":"post","link":"https:\/\/graenaorkan.is\/?p=1174","title":{"rendered":"Flestir rafb\u00edlaeigendur kaupa aftur rafb\u00edl"},"content":{"rendered":"<p>\u00cd ni\u00f0urst\u00f6\u00f0u ranns\u00f3knar sem Ford l\u00e9t vinna n\u00fdveri\u00f0 kemur me\u00f0al annars fram a\u00f0 rafb\u00edlaeigendur halda sig langflestir, e\u00f0a um 92%, vi\u00f0 rafb\u00edla \u00feegar kemur a\u00f0 endurn\u00fdjun, frekar en a\u00f0 fj\u00e1rfesta \u00ed b\u00edl sem gengur fyrir jar\u00f0efnaeldsneyti. K\u00f6nnunin n\u00e1\u00f0i til 10.000 rafb\u00edlaeigenda \u00ed Bandar\u00edkjunum.<\/p>\n<p>Sj\u00e1 n\u00e1nar \u00ed fr\u00e9tt <a href=\"http:\/\/www.mbl.is\/bill\/frettir\/2015\/09\/02\/flestir_endurnyja_rafbil_med_rafbil\/\" target=\"_blank\">mbl.is<\/a>\u00a0og <a href=\"http:\/\/www.forbes.com\/sites\/brookecrothers\/2015\/08\/11\/ford-says-most-electric-vehicle-drivers-wont-go-back-to-gas-report\/\" target=\"_blank\">Forbes<\/a>.<\/p>\n","protected":false},"excerpt":{"rendered":"<p>\u00cd ni\u00f0urst\u00f6\u00f0u ranns\u00f3knar sem Ford l\u00e9t vinna n\u00fdveri\u00f0 kemur me\u00f0al annars fram a\u00f0 rafb\u00edlaeigendur halda sig langflestir, e\u00f0a um 92%, vi\u00f0 rafb\u00edla \u00feegar kemur a\u00f0 endurn\u00fdjun, frekar en a\u00f0 fj\u00e1rfesta \u00ed b\u00edl sem gengur fyrir jar\u00f0efnaeldsneyti. K\u00f6nnunin n\u00e1\u00f0i til 10.000 &hellip; <a href=\"https:\/\/graenaorkan.is\/?p=1174\">Continue reading <span class=\"meta-nav\">&rarr;<\/span><\/a><\/p>\n","protected":false},"author":5,"featured_media":0,"comment_status":"open","ping_status":"open","sticky":false,"template":"","format":"standard","meta":[],"categories":[3,10],"tags":[],"_links":{"self":[{"href":"https:\/\/graenaorkan.is\/index.php?rest_route=\/wp\/v2\/posts\/1174"}],"collection":[{"href":"https:\/\/graenaorkan.is\/index.php?rest_route=\/wp\/v2\/posts"}],"about":[{"href":"https:\/\/graenaorkan.is\/index.php?rest_route=\/wp\/v2\/types\/post"}],"author":[{"embeddable":true,"href":"https:\/\/graenaorkan.is\/index.php?rest_route=\/wp\/v2\/users\/5"}],"replies":[{"embeddable":true,"href":"https:\/\/graenaorkan.is\/index.php?rest_route=%2Fwp%2Fv2%2Fcomments&post=1174"}],"version-history":[{"count":1,"href":"https:\/\/graenaorkan.is\/index.php?rest_route=\/wp\/v2\/posts\/1174\/revisions"}],"predecessor-version":[{"id":1175,"href":"https:\/\/graenaorkan.is\/index.php?rest_route=\/wp\/v2\/posts\/1174\/revisions\/1175"}],"wp:attachment":[{"href":"https:\/\/graenaorkan.is\/index.php?rest_route=%2Fwp%2Fv2%2Fmedia&parent=1174"}],"wp:term":[{"taxonomy":"category","embeddable":true,"href":"https:\/\/graenaorkan.is\/index.php?rest_route=%2Fwp%2Fv2%2Fcategories&post=1174"},{"taxonomy":"post_tag","embeddable":true,"href":"https:\/\/graenaorkan.is\/index.php?rest_route=%2Fwp%2Fv2%2Ftags&post=1174"}],"curies":[{"name":"wp","href":"https:\/\/api.w.org\/{rel}","templated":true}]}}