{"id":1176,"date":"2015-09-29T16:05:37","date_gmt":"2015-09-29T16:05:37","guid":{"rendered":"http:\/\/graenaorkan.is\/?p=1176"},"modified":"2015-09-29T16:05:37","modified_gmt":"2015-09-29T16:05:37","slug":"milljonasti-rafbillinn-seldur","status":"publish","type":"post","link":"https:\/\/graenaorkan.is\/?p=1176","title":{"rendered":"Millj\u00f3nasti rafb\u00edllinn seldur"},"content":{"rendered":"<p>N\u00fa n\u00fdveri\u00f0 var tilkynnt a\u00f0 seldir hef\u00f0u veri\u00f0 alls ein millj\u00f3n rafb\u00edla \u00e1 heimsv\u00edsu. Ekki n\u00f3g me\u00f0 \u00fea\u00f0, heldur hefur um \u00feri\u00f0jungur \u00feessara b\u00edla selst \u00e1 s\u00ed\u00f0ustu n\u00edu m\u00e1nu\u00f0um, sem hl\u00fdtur a\u00f0 teljast pr\u00fd\u00f0ilegur \u00e1rangur. Af \u00feessum fj\u00f6lda eru 62% hreinir rafb\u00edlar og 200.000 \u00feeirra Nissan Leaf.<\/p>\n<p>Sj\u00e1 n\u00e1nar \u00ed fr\u00e9tt <a href=\"http:\/\/www.mbl.is\/bill\/frettir\/2015\/09\/22\/rafbilar_yfir_milljonina\/\" target=\"_blank\">mbl.is<\/a> og <a href=\"http:\/\/evobsession.com\/one-million-evsphevs-sold-worldwide-date\/\" target=\"_blank\">EV Obsession<\/a>.<a href=\"https:\/\/graenaorkan.is\/wp-content\/uploads\/2015\/09\/plug-in-hybrid-car-phev-1.jpg\"><img decoding=\"async\" loading=\"lazy\" class=\"aligncenter size-medium wp-image-1178\" title=\"Electric vehicle concept\" src=\"https:\/\/graenaorkan.is\/wp-content\/uploads\/2015\/09\/plug-in-hybrid-car-phev-1-300x225.jpg\" alt=\"\" width=\"300\" height=\"225\" srcset=\"https:\/\/graenaorkan.is\/wp-content\/uploads\/2015\/09\/plug-in-hybrid-car-phev-1-300x225.jpg 300w, https:\/\/graenaorkan.is\/wp-content\/uploads\/2015\/09\/plug-in-hybrid-car-phev-1-266x200.jpg 266w, https:\/\/graenaorkan.is\/wp-content\/uploads\/2015\/09\/plug-in-hybrid-car-phev-1.jpg 1024w\" sizes=\"(max-width: 300px) 100vw, 300px\" \/><\/a><\/p>\n","protected":false},"excerpt":{"rendered":"<p>N\u00fa n\u00fdveri\u00f0 var tilkynnt a\u00f0 seldir hef\u00f0u veri\u00f0 alls ein millj\u00f3n rafb\u00edla \u00e1 heimsv\u00edsu. Ekki n\u00f3g me\u00f0 \u00fea\u00f0, heldur hefur um \u00feri\u00f0jungur \u00feessara b\u00edla selst \u00e1 s\u00ed\u00f0ustu n\u00edu m\u00e1nu\u00f0um, sem hl\u00fdtur a\u00f0 teljast pr\u00fd\u00f0ilegur \u00e1rangur. Af \u00feessum fj\u00f6lda eru 62% &hellip; <a href=\"https:\/\/graenaorkan.is\/?p=1176\">Continue reading <span class=\"meta-nav\">&rarr;<\/span><\/a><\/p>\n","protected":false},"author":5,"featured_media":0,"comment_status":"open","ping_status":"open","sticky":false,"template":"","format":"standard","meta":[],"categories":[3,10],"tags":[],"_links":{"self":[{"href":"https:\/\/graenaorkan.is\/index.php?rest_route=\/wp\/v2\/posts\/1176"}],"collection":[{"href":"https:\/\/graenaorkan.is\/index.php?rest_route=\/wp\/v2\/posts"}],"about":[{"href":"https:\/\/graenaorkan.is\/index.php?rest_route=\/wp\/v2\/types\/post"}],"author":[{"embeddable":true,"href":"https:\/\/graenaorkan.is\/index.php?rest_route=\/wp\/v2\/users\/5"}],"replies":[{"embeddable":true,"href":"https:\/\/graenaorkan.is\/index.php?rest_route=%2Fwp%2Fv2%2Fcomments&post=1176"}],"version-history":[{"count":2,"href":"https:\/\/graenaorkan.is\/index.php?rest_route=\/wp\/v2\/posts\/1176\/revisions"}],"predecessor-version":[{"id":1180,"href":"https:\/\/graenaorkan.is\/index.php?rest_route=\/wp\/v2\/posts\/1176\/revisions\/1180"}],"wp:attachment":[{"href":"https:\/\/graenaorkan.is\/index.php?rest_route=%2Fwp%2Fv2%2Fmedia&parent=1176"}],"wp:term":[{"taxonomy":"category","embeddable":true,"href":"https:\/\/graenaorkan.is\/index.php?rest_route=%2Fwp%2Fv2%2Fcategories&post=1176"},{"taxonomy":"post_tag","embeddable":true,"href":"https:\/\/graenaorkan.is\/index.php?rest_route=%2Fwp%2Fv2%2Ftags&post=1176"}],"curies":[{"name":"wp","href":"https:\/\/api.w.org\/{rel}","templated":true}]}}