{"id":1185,"date":"2015-10-02T15:54:50","date_gmt":"2015-10-02T15:54:50","guid":{"rendered":"http:\/\/graenaorkan.is\/?p=1185"},"modified":"2015-10-02T15:54:50","modified_gmt":"2015-10-02T15:54:50","slug":"h2me-samevropskt-verkefni-um-vetni","status":"publish","type":"post","link":"https:\/\/graenaorkan.is\/?p=1185","title":{"rendered":"H2ME &#8211; Samevr\u00f3pskt verkefni um vetni"},"content":{"rendered":"<p>Hydrogen Mobility Europe (H2ME), verkefni sem mi\u00f0ar a\u00f0 \u00fev\u00ed a\u00f0 innlei\u00f0a vetni \u00ed samg\u00f6ngum \u00e1 landi, var formlega hleypt af stokkunum n\u00fa \u00ed september m\u00e1nu\u00f0i, Verkefni\u00f0 sameinar helstu vetnisb\u00edlaframlei\u00f0endur heims (Daimler, SymbioFCell, Hyundai, Honda, Intelligent Energy og Nissan) og framlei\u00f0endur innvi\u00f0a (Air Liquide, H2Logic, HYOP, Linde og fleiri). H2ME mun \u00e1 n\u00e6stu fj\u00f3rum \u00e1rum reisa 29 n\u00fdjar vetnisst\u00f6\u00f0var \u00ed 10 l\u00f6ndum (Austurr\u00edki, Belg\u00edu, Bretlandi, Danm\u00f6rku, Frakklandi, \u00cdslandi, Noregi, Sv\u00ed\u00fej\u00f3\u00f0 og \u00de\u00fdskalandi) og 200 b\u00edlar, a\u00f0 l\u00e1gmarki, ver\u00f0a settir \u00ed umfer\u00f0 \u00e1 t\u00edmabilinu.<\/p>\n<p>Sj\u00e1 n\u00e1nar \u00e1 vefs\u00ed\u00f0u <a href=\"http:\/\/www.h2me.eu\/\" target=\"_blank\">H2ME<\/a><\/p>\n<p><a href=\"https:\/\/graenaorkan.is\/wp-content\/uploads\/2015\/10\/logo-from-website.png\"><img decoding=\"async\" loading=\"lazy\" class=\"aligncenter size-medium wp-image-1186\" title=\"logo from website\" src=\"https:\/\/graenaorkan.is\/wp-content\/uploads\/2015\/10\/logo-from-website-300x119.png\" alt=\"\" width=\"300\" height=\"119\" srcset=\"https:\/\/graenaorkan.is\/wp-content\/uploads\/2015\/10\/logo-from-website-300x119.png 300w, https:\/\/graenaorkan.is\/wp-content\/uploads\/2015\/10\/logo-from-website-420x167.png 420w, https:\/\/graenaorkan.is\/wp-content\/uploads\/2015\/10\/logo-from-website.png 440w\" sizes=\"(max-width: 300px) 100vw, 300px\" \/><\/a><\/p>\n","protected":false},"excerpt":{"rendered":"<p>Hydrogen Mobility Europe (H2ME), verkefni sem mi\u00f0ar a\u00f0 \u00fev\u00ed a\u00f0 innlei\u00f0a vetni \u00ed samg\u00f6ngum \u00e1 landi, var formlega hleypt af stokkunum n\u00fa \u00ed september m\u00e1nu\u00f0i, Verkefni\u00f0 sameinar helstu vetnisb\u00edlaframlei\u00f0endur heims (Daimler, SymbioFCell, Hyundai, Honda, Intelligent Energy og Nissan) og framlei\u00f0endur &hellip; <a href=\"https:\/\/graenaorkan.is\/?p=1185\">Continue reading <span class=\"meta-nav\">&rarr;<\/span><\/a><\/p>\n","protected":false},"author":5,"featured_media":0,"comment_status":"open","ping_status":"open","sticky":false,"template":"","format":"standard","meta":[],"categories":[17,19,18,11],"tags":[],"_links":{"self":[{"href":"https:\/\/graenaorkan.is\/index.php?rest_route=\/wp\/v2\/posts\/1185"}],"collection":[{"href":"https:\/\/graenaorkan.is\/index.php?rest_route=\/wp\/v2\/posts"}],"about":[{"href":"https:\/\/graenaorkan.is\/index.php?rest_route=\/wp\/v2\/types\/post"}],"author":[{"embeddable":true,"href":"https:\/\/graenaorkan.is\/index.php?rest_route=\/wp\/v2\/users\/5"}],"replies":[{"embeddable":true,"href":"https:\/\/graenaorkan.is\/index.php?rest_route=%2Fwp%2Fv2%2Fcomments&post=1185"}],"version-history":[{"count":1,"href":"https:\/\/graenaorkan.is\/index.php?rest_route=\/wp\/v2\/posts\/1185\/revisions"}],"predecessor-version":[{"id":1187,"href":"https:\/\/graenaorkan.is\/index.php?rest_route=\/wp\/v2\/posts\/1185\/revisions\/1187"}],"wp:attachment":[{"href":"https:\/\/graenaorkan.is\/index.php?rest_route=%2Fwp%2Fv2%2Fmedia&parent=1185"}],"wp:term":[{"taxonomy":"category","embeddable":true,"href":"https:\/\/graenaorkan.is\/index.php?rest_route=%2Fwp%2Fv2%2Fcategories&post=1185"},{"taxonomy":"post_tag","embeddable":true,"href":"https:\/\/graenaorkan.is\/index.php?rest_route=%2Fwp%2Fv2%2Ftags&post=1185"}],"curies":[{"name":"wp","href":"https:\/\/api.w.org\/{rel}","templated":true}]}}