{"id":1196,"date":"2015-10-16T14:03:25","date_gmt":"2015-10-16T14:03:25","guid":{"rendered":"http:\/\/graenaorkan.is\/?p=1196"},"modified":"2015-10-16T14:03:25","modified_gmt":"2015-10-16T14:03:25","slug":"danir-ivilna-vetnisbilum-til-2018","status":"publish","type":"post","link":"https:\/\/graenaorkan.is\/?p=1196","title":{"rendered":"Danir \u00edvilna vetnisb\u00edlum til 2018"},"content":{"rendered":"<p>Danska r\u00edkisstj\u00f3rnin hefur \u00e1kve\u00f0i\u00f0 a\u00f0 veita \u00e1fram\u00a0skattaafsl\u00e1tt vegna kaupa \u00e1 vetnisb\u00edlum til \u00e1rsins 2018, en til st\u00f3\u00f0 a\u00f0 gildist\u00edmi \u00edvilnana yr\u00f0i til \u00e1rsloka 2015. \u00deessu fagnar s\u00e9rstaklega fyrirt\u00e6ki\u00f0 H2 Logic sem rekur \u00ed dag 7 vetnisst\u00f6\u00f0var v\u00ed\u00f0s vegar um Danm\u00f6rku og gerir r\u00e1\u00f0 fyrir a\u00f0 opn 4 til vi\u00f0b\u00f3tar \u00e1 n\u00e6sta \u00e1ri.<\/p>\n<p>Sj\u00e1 n\u00e1nar \u00ed <a href=\"http:\/\/http:\/\/h2logic.com\/h2-logic-welcomes-danish-extension-of-fcev-tax-exemption-and-the-taxation-of-long-range-bevs\/\" target=\"_blank\">fr\u00e9ttatilkynningu<\/a> H2 Logic.<\/p>\n","protected":false},"excerpt":{"rendered":"<p>Danska r\u00edkisstj\u00f3rnin hefur \u00e1kve\u00f0i\u00f0 a\u00f0 veita \u00e1fram\u00a0skattaafsl\u00e1tt vegna kaupa \u00e1 vetnisb\u00edlum til \u00e1rsins 2018, en til st\u00f3\u00f0 a\u00f0 gildist\u00edmi \u00edvilnana yr\u00f0i til \u00e1rsloka 2015. \u00deessu fagnar s\u00e9rstaklega fyrirt\u00e6ki\u00f0 H2 Logic sem rekur \u00ed dag 7 vetnisst\u00f6\u00f0var v\u00ed\u00f0s vegar um Danm\u00f6rku &hellip; <a href=\"https:\/\/graenaorkan.is\/?p=1196\">Continue reading <span class=\"meta-nav\">&rarr;<\/span><\/a><\/p>\n","protected":false},"author":5,"featured_media":0,"comment_status":"open","ping_status":"open","sticky":false,"template":"","format":"standard","meta":[],"categories":[20,11],"tags":[],"_links":{"self":[{"href":"https:\/\/graenaorkan.is\/index.php?rest_route=\/wp\/v2\/posts\/1196"}],"collection":[{"href":"https:\/\/graenaorkan.is\/index.php?rest_route=\/wp\/v2\/posts"}],"about":[{"href":"https:\/\/graenaorkan.is\/index.php?rest_route=\/wp\/v2\/types\/post"}],"author":[{"embeddable":true,"href":"https:\/\/graenaorkan.is\/index.php?rest_route=\/wp\/v2\/users\/5"}],"replies":[{"embeddable":true,"href":"https:\/\/graenaorkan.is\/index.php?rest_route=%2Fwp%2Fv2%2Fcomments&post=1196"}],"version-history":[{"count":1,"href":"https:\/\/graenaorkan.is\/index.php?rest_route=\/wp\/v2\/posts\/1196\/revisions"}],"predecessor-version":[{"id":1197,"href":"https:\/\/graenaorkan.is\/index.php?rest_route=\/wp\/v2\/posts\/1196\/revisions\/1197"}],"wp:attachment":[{"href":"https:\/\/graenaorkan.is\/index.php?rest_route=%2Fwp%2Fv2%2Fmedia&parent=1196"}],"wp:term":[{"taxonomy":"category","embeddable":true,"href":"https:\/\/graenaorkan.is\/index.php?rest_route=%2Fwp%2Fv2%2Fcategories&post=1196"},{"taxonomy":"post_tag","embeddable":true,"href":"https:\/\/graenaorkan.is\/index.php?rest_route=%2Fwp%2Fv2%2Ftags&post=1196"}],"curies":[{"name":"wp","href":"https:\/\/api.w.org\/{rel}","templated":true}]}}