{"id":1199,"date":"2015-10-29T10:51:31","date_gmt":"2015-10-29T10:51:31","guid":{"rendered":"http:\/\/graenaorkan.is\/?p=1199"},"modified":"2015-11-10T09:32:47","modified_gmt":"2015-11-10T09:32:47","slug":"vinnstofa-go-um-gjaldtoku-i-samgongum","status":"publish","type":"post","link":"https:\/\/graenaorkan.is\/?p=1199","title":{"rendered":"Vinnstofa GO um gjaldt\u00f6ku \u00ed samg\u00f6ngum"},"content":{"rendered":"<p>Gr\u00e6na orkan st\u00f3\u00f0 n\u00fa \u00ed vikunni fyrir vinnustofu um gjaldt\u00f6ku \u00ed samg\u00f6ngum. H\u00fan h\u00f3fst \u00e1 fj\u00f3rum \u00e1hugaver\u00f0um kynningum.<\/p>\n<ul>\n<li><a href=\"https:\/\/graenaorkan.is\/wp-content\/uploads\/2015\/10\/1-Kynning-skattlagning-\u00e1-\u00f6kut\u00e6ki-og-eldsneyti1.pdf\">N\u00faverandi framkv\u00e6md gjaldt\u00f6ku \u00ed samg\u00f6ngum \u00e1 \u00cdslandi <\/a>&#8211; Benedikt S. Bendiktsson, Fj\u00e1rm\u00e1la- og efnahagsr\u00e1\u00f0uneyti<\/li>\n<li><a href=\"https:\/\/graenaorkan.is\/wp-content\/uploads\/2015\/10\/2-Gjaldtaka-\u00e1-grundvelli-notkunar.pdf\">Gjaldtaka \u00e1 grundvelli notkunar<\/a> &#8211; \u00c1sta \u00deorleifsd\u00f3ttir, Innanr\u00edkisr\u00e1\u00f0uneyti<\/li>\n<li><a href=\"https:\/\/graenaorkan.is\/wp-content\/uploads\/2015\/10\/3-\u00c1lag-fr\u00e1-\u00f6kut\u00e6kjum-\u00e1-vegakerfi\u00f0.pdf\">\u00c1lag fr\u00e1 \u00f6kut\u00e6kjum \u00e1 vegakerfi\u00f0<\/a> &#8211; \u00deorbj\u00f6rg S\u00e6varsd\u00f3ttir, Efla<\/li>\n<li><a href=\"https:\/\/graenaorkan.is\/wp-content\/uploads\/2015\/10\/4-Fj\u00e1rm\u00f6gnun-st\u00e6rri-framkv\u00e6mda-kynning-\u00deRH.pdf\">Fj\u00e1rm\u00f6gnun st\u00e6rri framkv\u00e6mda<\/a> &#8211; \u00deorsteinn R. Hermannsson, Mannvit<\/li>\n<\/ul>\n<div>A\u00f0 loknum stuttum fyrirlestrum var \u00fe\u00e1tttakendum skipt \u00ed umr\u00e6\u00f0uh\u00f3pa sem r\u00e6ddu eftirfarandi m\u00e1lefni:<\/div>\n<div>\n<ul>\n<li>Skattlagning d\u00edsilol\u00edu me\u00f0 hli\u00f0sj\u00f3n af VW hneykslinu. Er \u00fe\u00f6rf \u00e1 breyttum \u00e1herslum?<\/li>\n<li>M\u00f6rkun skatttekna til ger\u00f0ar og reksturs samg\u00f6ngumannvirkja og breytingar sem ver\u00f0a me\u00f0 n\u00fdjum l\u00f6gum um opinber fj\u00e1rm\u00e1l<\/li>\n<li>Mikilv\u00e6gi fjarskipta fyrir gjaldt\u00f6ku framt\u00ed\u00f0ar \u2013 GPS og uppl\u00fdsingami\u00f0lun, a\u00f0fer\u00f0ir<\/li>\n<\/ul>\n<div>\u00cd lok vinnustofunnar s\u00f6fnu\u00f0ust \u00fe\u00e1tttakendur saman \u00e1 n\u00fd og fari\u00f0 var yfir helstu umr\u00e6\u00f0uatri\u00f0i og ni\u00f0urst\u00f6\u00f0ur hvers h\u00f3ps fyrir sig. Stj\u00f3rn Gr\u00e6nu orkunnar \u00feakkar gestum fyrir l\u00edflega og \u00e1hugaver\u00f0a vinnustofu og fyrirlesurum fyrir gagnleg innlegg \u00ed umr\u00e6\u00f0ur.<\/div>\n<\/div>\n","protected":false},"excerpt":{"rendered":"<p>Gr\u00e6na orkan st\u00f3\u00f0 n\u00fa \u00ed vikunni fyrir vinnustofu um gjaldt\u00f6ku \u00ed samg\u00f6ngum. H\u00fan h\u00f3fst \u00e1 fj\u00f3rum \u00e1hugaver\u00f0um kynningum. N\u00faverandi framkv\u00e6md gjaldt\u00f6ku \u00ed samg\u00f6ngum \u00e1 \u00cdslandi &#8211; Benedikt S. Bendiktsson, Fj\u00e1rm\u00e1la- og efnahagsr\u00e1\u00f0uneyti Gjaldtaka \u00e1 grundvelli notkunar &#8211; \u00c1sta \u00deorleifsd\u00f3ttir, Innanr\u00edkisr\u00e1\u00f0uneyti &hellip; <a href=\"https:\/\/graenaorkan.is\/?p=1199\">Continue reading <span class=\"meta-nav\">&rarr;<\/span><\/a><\/p>\n","protected":false},"author":5,"featured_media":0,"comment_status":"open","ping_status":"open","sticky":false,"template":"","format":"standard","meta":[],"categories":[5,18],"tags":[],"_links":{"self":[{"href":"https:\/\/graenaorkan.is\/index.php?rest_route=\/wp\/v2\/posts\/1199"}],"collection":[{"href":"https:\/\/graenaorkan.is\/index.php?rest_route=\/wp\/v2\/posts"}],"about":[{"href":"https:\/\/graenaorkan.is\/index.php?rest_route=\/wp\/v2\/types\/post"}],"author":[{"embeddable":true,"href":"https:\/\/graenaorkan.is\/index.php?rest_route=\/wp\/v2\/users\/5"}],"replies":[{"embeddable":true,"href":"https:\/\/graenaorkan.is\/index.php?rest_route=%2Fwp%2Fv2%2Fcomments&post=1199"}],"version-history":[{"count":4,"href":"https:\/\/graenaorkan.is\/index.php?rest_route=\/wp\/v2\/posts\/1199\/revisions"}],"predecessor-version":[{"id":1214,"href":"https:\/\/graenaorkan.is\/index.php?rest_route=\/wp\/v2\/posts\/1199\/revisions\/1214"}],"wp:attachment":[{"href":"https:\/\/graenaorkan.is\/index.php?rest_route=%2Fwp%2Fv2%2Fmedia&parent=1199"}],"wp:term":[{"taxonomy":"category","embeddable":true,"href":"https:\/\/graenaorkan.is\/index.php?rest_route=%2Fwp%2Fv2%2Fcategories&post=1199"},{"taxonomy":"post_tag","embeddable":true,"href":"https:\/\/graenaorkan.is\/index.php?rest_route=%2Fwp%2Fv2%2Ftags&post=1199"}],"curies":[{"name":"wp","href":"https:\/\/api.w.org\/{rel}","templated":true}]}}