{"id":1207,"date":"2015-11-03T08:43:09","date_gmt":"2015-11-03T08:43:09","guid":{"rendered":"http:\/\/graenaorkan.is\/?p=1207"},"modified":"2015-11-03T08:44:28","modified_gmt":"2015-11-03T08:44:28","slug":"vindknunir-renault-rafbilar-a-skosku-hebrides-eyjum","status":"publish","type":"post","link":"https:\/\/graenaorkan.is\/?p=1207","title":{"rendered":"Vindkn\u00fanir Renault rafb\u00edlar \u00e1 skosku Hebrides eyjum"},"content":{"rendered":"<p>\u00cdb\u00faar skosku Hebrides eyjanna eru vanir roki og hafa n\u00fa teki\u00f0 sig til og beisla\u00f0 \u00fea\u00f0. Pentland Road wind farm hefur sett upp sex vindmyllur sem framlei\u00f0a rafmagn \u00e1 Renault rafb\u00edla. Rafb\u00edlana, sem eru af tegundinn Zoe og Kangoo, m\u00e1 svo leigja \u00ed lengri e\u00f0a styttri fer\u00f0ir um eyjarnar. Verkefni\u00f0 hefur \u00fea\u00f0 a\u00f0 markmi\u00f0i a\u00f0 \u00fatvega gestum og \u00edb\u00faum eyjanna endurn\u00fdjanlega orku og n\u00fdta til \u00feess sta\u00f0h\u00e6tti.<\/p>\n<p>Sj\u00e1 n\u00e1nar <a href=\"http:\/\/www.greencarreports.com\/news\/1100708_wind-powered-electric-renaults-for-rent-in-remote-scottish-hebrides-islands\" target=\"_blank\">h\u00e9r<\/a>.<\/p>\n<p><img decoding=\"async\" loading=\"lazy\" class=\"aligncenter\" src=\"http:\/\/images.thecarconnection.com\/med\/renault-zoe-electric-car-on-the-outer-hebrides_100532274_m.jpg\" alt=\"Renault Zoe electric car on the Outer Hebrides\" width=\"448\" height=\"306\" \/><\/p>\n","protected":false},"excerpt":{"rendered":"<p>\u00cdb\u00faar skosku Hebrides eyjanna eru vanir roki og hafa n\u00fa teki\u00f0 sig til og beisla\u00f0 \u00fea\u00f0. Pentland Road wind farm hefur sett upp sex vindmyllur sem framlei\u00f0a rafmagn \u00e1 Renault rafb\u00edla. Rafb\u00edlana, sem eru af tegundinn Zoe og Kangoo, m\u00e1 &hellip; <a href=\"https:\/\/graenaorkan.is\/?p=1207\">Continue reading <span class=\"meta-nav\">&rarr;<\/span><\/a><\/p>\n","protected":false},"author":5,"featured_media":0,"comment_status":"open","ping_status":"open","sticky":false,"template":"","format":"standard","meta":[],"categories":[3,17,10],"tags":[],"_links":{"self":[{"href":"https:\/\/graenaorkan.is\/index.php?rest_route=\/wp\/v2\/posts\/1207"}],"collection":[{"href":"https:\/\/graenaorkan.is\/index.php?rest_route=\/wp\/v2\/posts"}],"about":[{"href":"https:\/\/graenaorkan.is\/index.php?rest_route=\/wp\/v2\/types\/post"}],"author":[{"embeddable":true,"href":"https:\/\/graenaorkan.is\/index.php?rest_route=\/wp\/v2\/users\/5"}],"replies":[{"embeddable":true,"href":"https:\/\/graenaorkan.is\/index.php?rest_route=%2Fwp%2Fv2%2Fcomments&post=1207"}],"version-history":[{"count":3,"href":"https:\/\/graenaorkan.is\/index.php?rest_route=\/wp\/v2\/posts\/1207\/revisions"}],"predecessor-version":[{"id":1210,"href":"https:\/\/graenaorkan.is\/index.php?rest_route=\/wp\/v2\/posts\/1207\/revisions\/1210"}],"wp:attachment":[{"href":"https:\/\/graenaorkan.is\/index.php?rest_route=%2Fwp%2Fv2%2Fmedia&parent=1207"}],"wp:term":[{"taxonomy":"category","embeddable":true,"href":"https:\/\/graenaorkan.is\/index.php?rest_route=%2Fwp%2Fv2%2Fcategories&post=1207"},{"taxonomy":"post_tag","embeddable":true,"href":"https:\/\/graenaorkan.is\/index.php?rest_route=%2Fwp%2Fv2%2Ftags&post=1207"}],"curies":[{"name":"wp","href":"https:\/\/api.w.org\/{rel}","templated":true}]}}