{"id":1211,"date":"2015-11-09T10:59:34","date_gmt":"2015-11-09T10:59:34","guid":{"rendered":"http:\/\/graenaorkan.is\/?p=1211"},"modified":"2015-11-09T10:59:34","modified_gmt":"2015-11-09T10:59:34","slug":"nordursigling-hlytur-verdlaun-fyrir-rafknuna-hvalaskodunarbatinn-opal","status":"publish","type":"post","link":"https:\/\/graenaorkan.is\/?p=1211","title":{"rendered":"Nor\u00f0ursigling hl\u00fdtur ver\u00f0laun fyrir rafkn\u00fana hvalasko\u00f0unarb\u00e1tinn Opal"},"content":{"rendered":"<p>Nor\u00f0ursigling \u00e1 H\u00fasav\u00edk hlaut \u00ed li\u00f0inni viku silfurver\u00f0laun World Responsible Tourism Awards 2015 fyrir Opal verkefni sitt, en Opal er rafkn\u00fainn hvalasko\u00f0unarb\u00e1tur, s\u00e1 fyrsti sinnar tegundar \u00e1 \u00cdslandi. \u00deetta mun vera \u00ed fyrsta skipti sem \u00edslenskt fer\u00f0a\u00fej\u00f3nustufyrirt\u00e6ki hl\u00fdtur ver\u00f0laun \u00e1 s\u00fdningunni World Travel Market.<\/p>\n<p>\u00de\u00e1 er einungis h\u00e1lfur m\u00e1nu\u00f0ur s\u00ed\u00f0an fyrit\u00e6ki\u00f0 hlaut Umhverfisver\u00f0laun Fer\u00f0am\u00e1lastofu 2015.<\/p>\n<p>Sj\u00e1 n\u00e1nar \u00e1 <a href=\"http:\/\/www.mbl.is\/vidskipti\/frettir\/2015\/11\/09\/fengu_verdlaun_fyrir_opal\/\" target=\"_blank\">mbl.is<\/a> og \u00e1 vef <a href=\"http:\/\/www.ferdamalastofa.is\/is\/um-ferdamalastofu\/frettir\/nordursigling-hlaut-umhverfisverdlaun-ferdamalastofu-2015\" target=\"_blank\">Fer\u00f0am\u00e1lastofu<\/a>.<\/p>\n<p>&nbsp;<\/p>\n<p style=\"text-align: center;\"><img decoding=\"async\" loading=\"lazy\" class=\"aligncenter\" src=\"http:\/\/www.mbl.is\/frimg\/8\/48\/848225.jpg\" alt=\"\" width=\"656\" height=\"436\" \/><\/p>\n<p>&nbsp;<\/p>\n","protected":false},"excerpt":{"rendered":"<p>Nor\u00f0ursigling \u00e1 H\u00fasav\u00edk hlaut \u00ed li\u00f0inni viku silfurver\u00f0laun World Responsible Tourism Awards 2015 fyrir Opal verkefni sitt, en Opal er rafkn\u00fainn hvalasko\u00f0unarb\u00e1tur, s\u00e1 fyrsti sinnar tegundar \u00e1 \u00cdslandi. \u00deetta mun vera \u00ed fyrsta skipti sem \u00edslenskt fer\u00f0a\u00fej\u00f3nustufyrirt\u00e6ki hl\u00fdtur ver\u00f0laun \u00e1 &hellip; <a href=\"https:\/\/graenaorkan.is\/?p=1211\">Continue reading <span class=\"meta-nav\">&rarr;<\/span><\/a><\/p>\n","protected":false},"author":5,"featured_media":0,"comment_status":"open","ping_status":"open","sticky":false,"template":"","format":"standard","meta":[],"categories":[5,10,18],"tags":[],"_links":{"self":[{"href":"https:\/\/graenaorkan.is\/index.php?rest_route=\/wp\/v2\/posts\/1211"}],"collection":[{"href":"https:\/\/graenaorkan.is\/index.php?rest_route=\/wp\/v2\/posts"}],"about":[{"href":"https:\/\/graenaorkan.is\/index.php?rest_route=\/wp\/v2\/types\/post"}],"author":[{"embeddable":true,"href":"https:\/\/graenaorkan.is\/index.php?rest_route=\/wp\/v2\/users\/5"}],"replies":[{"embeddable":true,"href":"https:\/\/graenaorkan.is\/index.php?rest_route=%2Fwp%2Fv2%2Fcomments&post=1211"}],"version-history":[{"count":1,"href":"https:\/\/graenaorkan.is\/index.php?rest_route=\/wp\/v2\/posts\/1211\/revisions"}],"predecessor-version":[{"id":1212,"href":"https:\/\/graenaorkan.is\/index.php?rest_route=\/wp\/v2\/posts\/1211\/revisions\/1212"}],"wp:attachment":[{"href":"https:\/\/graenaorkan.is\/index.php?rest_route=%2Fwp%2Fv2%2Fmedia&parent=1211"}],"wp:term":[{"taxonomy":"category","embeddable":true,"href":"https:\/\/graenaorkan.is\/index.php?rest_route=%2Fwp%2Fv2%2Fcategories&post=1211"},{"taxonomy":"post_tag","embeddable":true,"href":"https:\/\/graenaorkan.is\/index.php?rest_route=%2Fwp%2Fv2%2Ftags&post=1211"}],"curies":[{"name":"wp","href":"https:\/\/api.w.org\/{rel}","templated":true}]}}