{"id":1217,"date":"2015-11-17T14:24:22","date_gmt":"2015-11-17T14:24:22","guid":{"rendered":"http:\/\/graenaorkan.is\/?p=1217"},"modified":"2015-11-17T14:24:22","modified_gmt":"2015-11-17T14:24:22","slug":"enn-sla-nordmenn-met-i-rafbilakaupum","status":"publish","type":"post","link":"https:\/\/graenaorkan.is\/?p=1217","title":{"rendered":"Enn sl\u00e1 Nor\u00f0menn met \u00ed rafb\u00edlakaupum"},"content":{"rendered":"<p>Nor\u00f0menn sl\u00e1 <a href=\"http:\/\/www.mbl.is\/bill\/frettir\/2014\/04\/02\/rafbilar_rjuka_ut_i_noregi\/\" target=\"_blank\">sem fyrr<\/a> met \u00ed rafb\u00edlakaupum. \u00deann 9. n\u00f3vember s\u00ed\u00f0astli\u00f0inn h\u00f6f\u00f0u \u00feegar selst 22.267 n\u00fdir rafb\u00edlar \u00ed Noregi \u00fea\u00f0 sem af var \u00e1rinu. \u00deessum b\u00edlum til vi\u00f0b\u00f3tar h\u00f6f\u00f0u veri\u00f0 fluttir 4.000 nota\u00f0ir rafb\u00edlar til landsins!<\/p>\n<p>Sj\u00e1 n\u00e1nar \u00ed fr\u00e9tt mbl.is <a href=\"http:\/\/www.mbl.is\/bill\/frettir\/2015\/11\/17\/rykfallnir_rafbilar_odlast_lif\/\" target=\"_blank\">h\u00e9r<\/a>.<\/p>\n<p><a href=\"https:\/\/graenaorkan.is\/wp-content\/uploads\/2015\/11\/fast-charging-cars.jpg\"><img decoding=\"async\" loading=\"lazy\" class=\"aligncenter size-medium wp-image-1218\" title=\"fast charging cars\" src=\"https:\/\/graenaorkan.is\/wp-content\/uploads\/2015\/11\/fast-charging-cars-300x168.jpg\" alt=\"\" width=\"300\" height=\"168\" srcset=\"https:\/\/graenaorkan.is\/wp-content\/uploads\/2015\/11\/fast-charging-cars-300x168.jpg 300w, https:\/\/graenaorkan.is\/wp-content\/uploads\/2015\/11\/fast-charging-cars-355x200.jpg 355w, https:\/\/graenaorkan.is\/wp-content\/uploads\/2015\/11\/fast-charging-cars.jpg 638w\" sizes=\"(max-width: 300px) 100vw, 300px\" \/><\/a><\/p>\n","protected":false},"excerpt":{"rendered":"<p>Nor\u00f0menn sl\u00e1 sem fyrr met \u00ed rafb\u00edlakaupum. \u00deann 9. n\u00f3vember s\u00ed\u00f0astli\u00f0inn h\u00f6f\u00f0u \u00feegar selst 22.267 n\u00fdir rafb\u00edlar \u00ed Noregi \u00fea\u00f0 sem af var \u00e1rinu. \u00deessum b\u00edlum til vi\u00f0b\u00f3tar h\u00f6f\u00f0u veri\u00f0 fluttir 4.000 nota\u00f0ir rafb\u00edlar til landsins! Sj\u00e1 n\u00e1nar \u00ed fr\u00e9tt &hellip; <a href=\"https:\/\/graenaorkan.is\/?p=1217\">Continue reading <span class=\"meta-nav\">&rarr;<\/span><\/a><\/p>\n","protected":false},"author":5,"featured_media":0,"comment_status":"open","ping_status":"open","sticky":false,"template":"","format":"standard","meta":[],"categories":[3,10],"tags":[],"_links":{"self":[{"href":"https:\/\/graenaorkan.is\/index.php?rest_route=\/wp\/v2\/posts\/1217"}],"collection":[{"href":"https:\/\/graenaorkan.is\/index.php?rest_route=\/wp\/v2\/posts"}],"about":[{"href":"https:\/\/graenaorkan.is\/index.php?rest_route=\/wp\/v2\/types\/post"}],"author":[{"embeddable":true,"href":"https:\/\/graenaorkan.is\/index.php?rest_route=\/wp\/v2\/users\/5"}],"replies":[{"embeddable":true,"href":"https:\/\/graenaorkan.is\/index.php?rest_route=%2Fwp%2Fv2%2Fcomments&post=1217"}],"version-history":[{"count":1,"href":"https:\/\/graenaorkan.is\/index.php?rest_route=\/wp\/v2\/posts\/1217\/revisions"}],"predecessor-version":[{"id":1219,"href":"https:\/\/graenaorkan.is\/index.php?rest_route=\/wp\/v2\/posts\/1217\/revisions\/1219"}],"wp:attachment":[{"href":"https:\/\/graenaorkan.is\/index.php?rest_route=%2Fwp%2Fv2%2Fmedia&parent=1217"}],"wp:term":[{"taxonomy":"category","embeddable":true,"href":"https:\/\/graenaorkan.is\/index.php?rest_route=%2Fwp%2Fv2%2Fcategories&post=1217"},{"taxonomy":"post_tag","embeddable":true,"href":"https:\/\/graenaorkan.is\/index.php?rest_route=%2Fwp%2Fv2%2Ftags&post=1217"}],"curies":[{"name":"wp","href":"https:\/\/api.w.org\/{rel}","templated":true}]}}