{"id":1250,"date":"2015-12-08T08:13:08","date_gmt":"2015-12-08T08:13:08","guid":{"rendered":"http:\/\/graenaorkan.is\/?p=1250"},"modified":"2015-12-07T10:19:00","modified_gmt":"2015-12-07T10:19:00","slug":"rafbilavaeding-a-islandi-radstefna-11-desember-2015","status":"publish","type":"post","link":"https:\/\/graenaorkan.is\/?p=1250","title":{"rendered":"Rafb\u00edlav\u00e6\u00f0ing \u00e1 \u00cdslandi &#8211; r\u00e1\u00f0stefna 11. desember 2015"},"content":{"rendered":"<p>F\u00f6studaginn 11. desember um Rafmagnsverkfr\u00e6\u00f0ingadeild Verkfr\u00e6\u00f0ingaf\u00e9lags \u00cdslands (RVF\u00cd) standa fyrir r\u00e1\u00f0stefnu um rafb\u00edlav\u00e6\u00f0ingu \u00e1 \u00cdslandi \u00ed sal Arion banka, Borgart\u00fani 19. Dagskr\u00e1in ver\u00f0ur sem h\u00e9r segir:<\/p>\n<p>13:00\u00a0\u00a0\u00a0\u00a0<em>Setning r\u00e1\u00f0stefnu, Kristinn Andersen, forma\u00f0ur VF\u00cd og r\u00e1\u00f0stefnustj\u00f3ri.<\/em><\/p>\n<p>13:10\u00a0\u00a0\u00a0\u00a0<strong>Stefnum\u00f3tun \u00edslenskra stj\u00f3rnvalda \u2013 Hva\u00f0 hefur gerst?<\/strong><br \/>\n<em>J\u00f3n Bj\u00f6rn Sk\u00falason, framkv.stj. \u00cdslenskrar n\u00fdorku.<\/em><\/p>\n<p>13:30\u00a0\u00a0\u00a0<strong>\u00c1hugi og hagsmunir neytenda.<\/strong><br \/>\n<em>Run\u00f3lfur \u00d3lafsson, framkv.stj. F\u00e9lags \u00edslenskra bifrei\u00f0aeigenda.<\/em><\/p>\n<p>13:50\u00a0\u00a0\u00a0<strong>Hra\u00f0hle\u00f0slust\u00f6\u00f0var ON.<\/strong><br \/>\n<em>J\u00f3n Sigur\u00f0sson, vi\u00f0skiptastj\u00f3ri ON.<\/em><\/p>\n<p>14:10\u00a0\u00a0\u00a0<strong>Sj\u00e1lfb\u00e6r uppbygging innvi\u00f0a fyrir rafb\u00edla.<\/strong><br \/>\n<em>\u00a0\u00a0\u00a0\u00a0\u00a0\u00a0\u00a0\u00a0\u00a0\u00a0\u00a0 Axel R\u00fanar Ey\u00fe\u00f3rsson, e1.<\/em><\/p>\n<p>14:30\u00a0\u00a0\u00a0<strong>A\u00f0fer\u00f0 KPMG vi\u00f0 n\u00e1lgun sannvir\u00f0is.<\/strong><br \/>\nVal Gautaborgar \u00e1 milli d\u00edsel- og\u00a0rafmagsstr\u00e6t\u00f3s.<br \/>\n<em>\u00a0\u00a0\u00a0\u00a0\u00a0\u00a0\u00a0\u00a0\u00a0\u00a0\u00a0 Gunnar Tryggvason, verkfr\u00e6\u00f0ingur hj\u00e1 KPMG.<\/em><\/p>\n<p>14:50\u00a0\u00a0\u00a0<em><strong>Kaffihl\u00e9<\/strong><\/em><\/p>\n<p>15:20\u00a0\u00a0\u00a0<strong>Kynningar b\u00edlaumbo\u00f0a og reynsla rafb\u00edlaeiganda.<\/strong><br \/>\n<em>\u00a0\u00a0\u00a0\u00a0\u00a0\u00a0\u00a0\u00a0\u00a0\u00a0\u00a0\u00a0B\u00edlaumbo\u00f0in kynna \u00fea\u00f0 n\u00fdjasta \u00ed rafb\u00edlum.<br \/>\n\u00de\u00f3r\u00f0ur Helgason, rafmagnsverkfr\u00e6\u00f0ingur og eigandi rafb\u00edls.<\/em><\/p>\n<p align=\"left\">16:10\u00a0\u00a0\u00a0<strong>Umr\u00e6\u00f0ur og fyrirspurnir.<\/strong><br \/>\nR\u00e1\u00f0stefnuslit.<\/p>\n<p align=\"left\">Sj\u00e1 n\u00e1nar <a href=\"http:\/\/www.vfi.is\/um-vfi\/frettir\/nr\/3733\" target=\"_blank\">h\u00e9r<\/a>, \u00e1 s\u00ed\u00f0u RVF\u00cd.<\/p>\n","protected":false},"excerpt":{"rendered":"<p>F\u00f6studaginn 11. desember um Rafmagnsverkfr\u00e6\u00f0ingadeild Verkfr\u00e6\u00f0ingaf\u00e9lags \u00cdslands (RVF\u00cd) standa fyrir r\u00e1\u00f0stefnu um rafb\u00edlav\u00e6\u00f0ingu \u00e1 \u00cdslandi \u00ed sal Arion banka, Borgart\u00fani 19. Dagskr\u00e1in ver\u00f0ur sem h\u00e9r segir: 13:00\u00a0\u00a0\u00a0\u00a0Setning r\u00e1\u00f0stefnu, Kristinn Andersen, forma\u00f0ur VF\u00cd og r\u00e1\u00f0stefnustj\u00f3ri. 13:10\u00a0\u00a0\u00a0\u00a0Stefnum\u00f3tun \u00edslenskra stj\u00f3rnvalda \u2013 Hva\u00f0 hefur &hellip; <a href=\"https:\/\/graenaorkan.is\/?p=1250\">Continue reading <span class=\"meta-nav\">&rarr;<\/span><\/a><\/p>\n","protected":false},"author":5,"featured_media":0,"comment_status":"open","ping_status":"open","sticky":false,"template":"","format":"standard","meta":[],"categories":[5,10,18],"tags":[],"_links":{"self":[{"href":"https:\/\/graenaorkan.is\/index.php?rest_route=\/wp\/v2\/posts\/1250"}],"collection":[{"href":"https:\/\/graenaorkan.is\/index.php?rest_route=\/wp\/v2\/posts"}],"about":[{"href":"https:\/\/graenaorkan.is\/index.php?rest_route=\/wp\/v2\/types\/post"}],"author":[{"embeddable":true,"href":"https:\/\/graenaorkan.is\/index.php?rest_route=\/wp\/v2\/users\/5"}],"replies":[{"embeddable":true,"href":"https:\/\/graenaorkan.is\/index.php?rest_route=%2Fwp%2Fv2%2Fcomments&post=1250"}],"version-history":[{"count":1,"href":"https:\/\/graenaorkan.is\/index.php?rest_route=\/wp\/v2\/posts\/1250\/revisions"}],"predecessor-version":[{"id":1251,"href":"https:\/\/graenaorkan.is\/index.php?rest_route=\/wp\/v2\/posts\/1250\/revisions\/1251"}],"wp:attachment":[{"href":"https:\/\/graenaorkan.is\/index.php?rest_route=%2Fwp%2Fv2%2Fmedia&parent=1250"}],"wp:term":[{"taxonomy":"category","embeddable":true,"href":"https:\/\/graenaorkan.is\/index.php?rest_route=%2Fwp%2Fv2%2Fcategories&post=1250"},{"taxonomy":"post_tag","embeddable":true,"href":"https:\/\/graenaorkan.is\/index.php?rest_route=%2Fwp%2Fv2%2Ftags&post=1250"}],"curies":[{"name":"wp","href":"https:\/\/api.w.org\/{rel}","templated":true}]}}