{"id":1254,"date":"2015-12-10T08:55:16","date_gmt":"2015-12-10T08:55:16","guid":{"rendered":"http:\/\/graenaorkan.is\/?p=1254"},"modified":"2015-12-09T10:08:17","modified_gmt":"2015-12-09T10:08:17","slug":"noregspostur-kaupir-240-rafbila","status":"publish","type":"post","link":"https:\/\/graenaorkan.is\/?p=1254","title":{"rendered":"Noregsp\u00f3stur kaupir 240 rafb\u00edla"},"content":{"rendered":"<p>Norski p\u00f3sturinn hefur n\u00fa fest kaup \u00e1 240 Renault Kangoo Maxi ZE rafb\u00edlum og ver\u00f0a \u00feeir afhentir \u00ed vikunni \u00ed Osl\u00f3. Er \u00feetta li\u00f0ur \u00ed stefnu fyrirt\u00e6kisins a\u00f0 minnka losun gr\u00f3\u00f0urh\u00fasalofttegunda um 40% fyrir \u00e1ri\u00f0 2020 mi\u00f0a\u00f0 vi\u00f0 losun \u00feess \u00e1ri\u00f0 1990. Losun norska p\u00f3stsins nemur um 1% af heildarkoltv\u00eds\u00fdringslosun konungsr\u00edkisins alls og hl\u00fdtur \u00feessi a\u00f0ger\u00f0 \u00fev\u00ed a\u00f0 teljast mikilv\u00e6gt skref \u00ed \u00e1tt a\u00f0 takmarki norska p\u00f3stsins.<\/p>\n<p>Sj\u00e1 n\u00e1nar \u00e1 <a href=\"http:\/\/www.mbl.is\/bill\/frettir\/2015\/12\/08\/kaupir_240_renault_kangoo_rafbila\/\" target=\"_blank\">mbl.is<\/a> og hj\u00e1 <a href=\"http:\/\/media.renault.com\/global\/en-gb\/renault\/media\/pressrelease.aspx?mediaid=73907\" target=\"_blank\">Renault<\/a>.<\/p>\n<p><a href=\"https:\/\/graenaorkan.is\/wp-content\/uploads\/2015\/12\/Kangoo-ZE.jpg\"><img decoding=\"async\" loading=\"lazy\" class=\"aligncenter size-medium wp-image-1255\" title=\"Kangoo ZE\" src=\"https:\/\/graenaorkan.is\/wp-content\/uploads\/2015\/12\/Kangoo-ZE-300x155.jpg\" alt=\"\" width=\"300\" height=\"155\" srcset=\"https:\/\/graenaorkan.is\/wp-content\/uploads\/2015\/12\/Kangoo-ZE-300x155.jpg 300w, https:\/\/graenaorkan.is\/wp-content\/uploads\/2015\/12\/Kangoo-ZE.jpg 360w\" sizes=\"(max-width: 300px) 100vw, 300px\" \/><\/a><\/p>\n","protected":false},"excerpt":{"rendered":"<p>Norski p\u00f3sturinn hefur n\u00fa fest kaup \u00e1 240 Renault Kangoo Maxi ZE rafb\u00edlum og ver\u00f0a \u00feeir afhentir \u00ed vikunni \u00ed Osl\u00f3. Er \u00feetta li\u00f0ur \u00ed stefnu fyrirt\u00e6kisins a\u00f0 minnka losun gr\u00f3\u00f0urh\u00fasalofttegunda um 40% fyrir \u00e1ri\u00f0 2020 mi\u00f0a\u00f0 vi\u00f0 losun \u00feess &hellip; <a href=\"https:\/\/graenaorkan.is\/?p=1254\">Continue reading <span class=\"meta-nav\">&rarr;<\/span><\/a><\/p>\n","protected":false},"author":5,"featured_media":0,"comment_status":"open","ping_status":"open","sticky":false,"template":"","format":"standard","meta":[],"categories":[3,20,10,18],"tags":[],"_links":{"self":[{"href":"https:\/\/graenaorkan.is\/index.php?rest_route=\/wp\/v2\/posts\/1254"}],"collection":[{"href":"https:\/\/graenaorkan.is\/index.php?rest_route=\/wp\/v2\/posts"}],"about":[{"href":"https:\/\/graenaorkan.is\/index.php?rest_route=\/wp\/v2\/types\/post"}],"author":[{"embeddable":true,"href":"https:\/\/graenaorkan.is\/index.php?rest_route=\/wp\/v2\/users\/5"}],"replies":[{"embeddable":true,"href":"https:\/\/graenaorkan.is\/index.php?rest_route=%2Fwp%2Fv2%2Fcomments&post=1254"}],"version-history":[{"count":2,"href":"https:\/\/graenaorkan.is\/index.php?rest_route=\/wp\/v2\/posts\/1254\/revisions"}],"predecessor-version":[{"id":1257,"href":"https:\/\/graenaorkan.is\/index.php?rest_route=\/wp\/v2\/posts\/1254\/revisions\/1257"}],"wp:attachment":[{"href":"https:\/\/graenaorkan.is\/index.php?rest_route=%2Fwp%2Fv2%2Fmedia&parent=1254"}],"wp:term":[{"taxonomy":"category","embeddable":true,"href":"https:\/\/graenaorkan.is\/index.php?rest_route=%2Fwp%2Fv2%2Fcategories&post=1254"},{"taxonomy":"post_tag","embeddable":true,"href":"https:\/\/graenaorkan.is\/index.php?rest_route=%2Fwp%2Fv2%2Ftags&post=1254"}],"curies":[{"name":"wp","href":"https:\/\/api.w.org\/{rel}","templated":true}]}}