{"id":1259,"date":"2015-12-11T09:13:34","date_gmt":"2015-12-11T09:13:34","guid":{"rendered":"http:\/\/graenaorkan.is\/?p=1259"},"modified":"2015-12-11T09:36:57","modified_gmt":"2015-12-11T09:36:57","slug":"kia-vetnisbill-a-gotuna-fyrir-2020","status":"publish","type":"post","link":"https:\/\/graenaorkan.is\/?p=1259","title":{"rendered":"Kia vetnisb\u00edll \u00e1 g\u00f6tuna fyrir 2020"},"content":{"rendered":"<p>K\u00f3reski b\u00edlaframlei\u00f0andinn Kia telur vetni vera orkubera framt\u00ed\u00f0ar og \u00e1formar a\u00f0 selja vetnisb\u00edla s\u00edna \u00e1 almennum marka\u00f0i fr\u00e1 \u00e1rinu 2020. \u00deanga\u00f0 til mun Kia framlei\u00f0a 1000 sl\u00edka b\u00edla \u00e1 \u00e1ri til pr\u00f3fana og auka sm\u00ed\u00f0i rafb\u00edla og \u00feannig sm\u00e1m saman draga \u00far framlei\u00f0slu bifrei\u00f0a sem ganga fyrir jar\u00f0efnaeldsneyti.<\/p>\n<p>Sj\u00e1 n\u00e1nar \u00ed fr\u00e9tt <a href=\"http:\/\/www.mbl.is\/bill\/frettir\/2015\/12\/10\/kia_segir_vetnid_framtidina\/\" target=\"_blank\">mbl.is<\/a>,\u00a0<a href=\"http:\/\/www.hybridcars.com\/kia-wants-to-launch-500-mile-fuel-cell-vehicle-in-2020\/\" target=\"_blank\">Hybrid Cars<\/a>\u00a0og <a href=\"http:\/\/preview.thenewsmarket.com\/Previews\/kiam\/DocumentAssets\/409221.pdf\" target=\"_blank\">fr\u00e9ttatilkynningu<\/a> Kia.<\/p>\n<p><img decoding=\"async\" class=\"aligncenter\" src=\"http:\/\/www.mbl.is\/tncache\/frimg\/dimg_cache\/e360x244\/8\/54\/854085.jpg\" alt=\"Kia hefur gert tilraunir me\u00f0 vetnisb\u00edlinn Borrego.\" \/><\/p>\n","protected":false},"excerpt":{"rendered":"<p>K\u00f3reski b\u00edlaframlei\u00f0andinn Kia telur vetni vera orkubera framt\u00ed\u00f0ar og \u00e1formar a\u00f0 selja vetnisb\u00edla s\u00edna \u00e1 almennum marka\u00f0i fr\u00e1 \u00e1rinu 2020. \u00deanga\u00f0 til mun Kia framlei\u00f0a 1000 sl\u00edka b\u00edla \u00e1 \u00e1ri til pr\u00f3fana og auka sm\u00ed\u00f0i rafb\u00edla og \u00feannig sm\u00e1m saman &hellip; <a href=\"https:\/\/graenaorkan.is\/?p=1259\">Continue reading <span class=\"meta-nav\">&rarr;<\/span><\/a><\/p>\n","protected":false},"author":5,"featured_media":0,"comment_status":"open","ping_status":"open","sticky":false,"template":"","format":"standard","meta":[],"categories":[3,11],"tags":[],"_links":{"self":[{"href":"https:\/\/graenaorkan.is\/index.php?rest_route=\/wp\/v2\/posts\/1259"}],"collection":[{"href":"https:\/\/graenaorkan.is\/index.php?rest_route=\/wp\/v2\/posts"}],"about":[{"href":"https:\/\/graenaorkan.is\/index.php?rest_route=\/wp\/v2\/types\/post"}],"author":[{"embeddable":true,"href":"https:\/\/graenaorkan.is\/index.php?rest_route=\/wp\/v2\/users\/5"}],"replies":[{"embeddable":true,"href":"https:\/\/graenaorkan.is\/index.php?rest_route=%2Fwp%2Fv2%2Fcomments&post=1259"}],"version-history":[{"count":3,"href":"https:\/\/graenaorkan.is\/index.php?rest_route=\/wp\/v2\/posts\/1259\/revisions"}],"predecessor-version":[{"id":1261,"href":"https:\/\/graenaorkan.is\/index.php?rest_route=\/wp\/v2\/posts\/1259\/revisions\/1261"}],"wp:attachment":[{"href":"https:\/\/graenaorkan.is\/index.php?rest_route=%2Fwp%2Fv2%2Fmedia&parent=1259"}],"wp:term":[{"taxonomy":"category","embeddable":true,"href":"https:\/\/graenaorkan.is\/index.php?rest_route=%2Fwp%2Fv2%2Fcategories&post=1259"},{"taxonomy":"post_tag","embeddable":true,"href":"https:\/\/graenaorkan.is\/index.php?rest_route=%2Fwp%2Fv2%2Ftags&post=1259"}],"curies":[{"name":"wp","href":"https:\/\/api.w.org\/{rel}","templated":true}]}}