{"id":1263,"date":"2015-12-28T10:12:42","date_gmt":"2015-12-28T10:12:42","guid":{"rendered":"http:\/\/graenaorkan.is\/?p=1263"},"modified":"2015-12-28T10:12:42","modified_gmt":"2015-12-28T10:12:42","slug":"nordursigling-tilnefnd-til-verdlauna-netkosning-opin","status":"publish","type":"post","link":"https:\/\/graenaorkan.is\/?p=1263","title":{"rendered":"Nor\u00f0ursigling tilnefnd til ver\u00f0launa &#8211; netkosning opin"},"content":{"rendered":"<p><a href=\"http:\/\/northsailing.is\/home\/\" target=\"_blank\">Nor\u00f0ursigling<\/a> \u00e1 H\u00fasav\u00edk hefur veri\u00f0 tilnefnd til st\u00e6rstu umhverfis- og vi\u00f0skiptaver\u00f0launa \u00ed Evr\u00f3pu, GreenTec Awards, fyrir rafkn\u00fainn hvalasko\u00f0unarb\u00e1t sinn. H\u00e6gt er a\u00f0 taka \u00fe\u00e1tt \u00ed <a href=\"http:\/\/www.greentec-awards.com\/en\/competition\/online-voting-2016.html\" target=\"_blank\">netkosningu<\/a>\u00a0og sty\u00f0ja vi\u00f0 fyrirt\u00e6ki\u00f0, sem tilnefnt er \u00ed flokki fer\u00f0am\u00e1la (travel category). Sj\u00e1 n\u00e1nar \u00ed fr\u00e9tt <a href=\"http:\/\/www.mbl.is\/vidskipti\/frettir\/2015\/12\/14\/nordursigling_tilnefnd_til_verdlauna\/\" target=\"_blank\">mbl.is<\/a>.<\/p>\n","protected":false},"excerpt":{"rendered":"<p>Nor\u00f0ursigling \u00e1 H\u00fasav\u00edk hefur veri\u00f0 tilnefnd til st\u00e6rstu umhverfis- og vi\u00f0skiptaver\u00f0launa \u00ed Evr\u00f3pu, GreenTec Awards, fyrir rafkn\u00fainn hvalasko\u00f0unarb\u00e1t sinn. H\u00e6gt er a\u00f0 taka \u00fe\u00e1tt \u00ed netkosningu\u00a0og sty\u00f0ja vi\u00f0 fyrirt\u00e6ki\u00f0, sem tilnefnt er \u00ed flokki fer\u00f0am\u00e1la (travel category). Sj\u00e1 n\u00e1nar \u00ed &hellip; <a href=\"https:\/\/graenaorkan.is\/?p=1263\">Continue reading <span class=\"meta-nav\">&rarr;<\/span><\/a><\/p>\n","protected":false},"author":5,"featured_media":0,"comment_status":"open","ping_status":"open","sticky":false,"template":"","format":"standard","meta":[],"categories":[5,10],"tags":[],"_links":{"self":[{"href":"https:\/\/graenaorkan.is\/index.php?rest_route=\/wp\/v2\/posts\/1263"}],"collection":[{"href":"https:\/\/graenaorkan.is\/index.php?rest_route=\/wp\/v2\/posts"}],"about":[{"href":"https:\/\/graenaorkan.is\/index.php?rest_route=\/wp\/v2\/types\/post"}],"author":[{"embeddable":true,"href":"https:\/\/graenaorkan.is\/index.php?rest_route=\/wp\/v2\/users\/5"}],"replies":[{"embeddable":true,"href":"https:\/\/graenaorkan.is\/index.php?rest_route=%2Fwp%2Fv2%2Fcomments&post=1263"}],"version-history":[{"count":1,"href":"https:\/\/graenaorkan.is\/index.php?rest_route=\/wp\/v2\/posts\/1263\/revisions"}],"predecessor-version":[{"id":1264,"href":"https:\/\/graenaorkan.is\/index.php?rest_route=\/wp\/v2\/posts\/1263\/revisions\/1264"}],"wp:attachment":[{"href":"https:\/\/graenaorkan.is\/index.php?rest_route=%2Fwp%2Fv2%2Fmedia&parent=1263"}],"wp:term":[{"taxonomy":"category","embeddable":true,"href":"https:\/\/graenaorkan.is\/index.php?rest_route=%2Fwp%2Fv2%2Fcategories&post=1263"},{"taxonomy":"post_tag","embeddable":true,"href":"https:\/\/graenaorkan.is\/index.php?rest_route=%2Fwp%2Fv2%2Ftags&post=1263"}],"curies":[{"name":"wp","href":"https:\/\/api.w.org\/{rel}","templated":true}]}}