{"id":1266,"date":"2016-01-05T11:16:01","date_gmt":"2016-01-05T11:16:01","guid":{"rendered":"http:\/\/graenaorkan.is\/?p=1266"},"modified":"2016-01-05T11:17:08","modified_gmt":"2016-01-05T11:17:08","slug":"ford-setur-kraft-og-fjarmagn-i-rafbila","status":"publish","type":"post","link":"https:\/\/graenaorkan.is\/?p=1266","title":{"rendered":"Ford setur kraft &#8211; og fj\u00e1rmagn &#8211; \u00ed rafb\u00edla"},"content":{"rendered":"<p>Bandar\u00edski b\u00edlaframlei\u00f0andinn Ford \u00e6tlar a\u00f0 hella s\u00e9r af krafti \u00ed rafb\u00edlasm\u00ed\u00f0i n\u00e6stu fimm \u00e1rin og mun til \u00feess verja 600 millj\u00f6r\u00f0um \u00edslenskra kr\u00f3na. \u00c1 t\u00edmabilinu stefnir Ford a\u00f0 \u00fev\u00ed a\u00f0 \u00ferefalda fj\u00f6lda\u00a0<a href=\"http:\/\/www.ford.com\/new-hybrids-evs\/\" target=\"_blank\">tvinn- og rafb\u00edlam\u00f3dela sinna<\/a>, sem \u00ed dag eru sex talsins.<\/p>\n<p>Sj\u00e1 n\u00e1nar \u00e1 <a href=\"http:\/\/www.mbl.is\/bill\/frettir\/2016\/01\/02\/ford_hellir_ser_i_rafbilasmidi\/\" target=\"_blank\">mbl.is<\/a>, <a href=\"http:\/\/www.bloomberg.com\/news\/articles\/2015-12-10\/ford-to-invest-4-5-billion-in-electric-plug-in-hybrid-vehicles\" target=\"_blank\">Bloomberg<\/a> og <a href=\"http:\/\/amigobulls.com\/articles\/ford-joins-the-autonomous-car-race\" target=\"_blank\">h\u00e9r<\/a>.<\/p>\n<p><a href=\"http:\/\/lonestarlockandkey.com\/wp-content\/uploads\/2015\/05\/Ford_Focus_Electric_side_car.jpg\"><img decoding=\"async\" loading=\"lazy\" class=\"alignleft\" title=\"Ford Focus Electric\" src=\"http:\/\/lonestarlockandkey.com\/wp-content\/uploads\/2015\/05\/Ford_Focus_Electric_side_car.jpg\" alt=\"\" width=\"425\" height=\"186\" \/><\/a><\/p>\n","protected":false},"excerpt":{"rendered":"<p>Bandar\u00edski b\u00edlaframlei\u00f0andinn Ford \u00e6tlar a\u00f0 hella s\u00e9r af krafti \u00ed rafb\u00edlasm\u00ed\u00f0i n\u00e6stu fimm \u00e1rin og mun til \u00feess verja 600 millj\u00f6r\u00f0um \u00edslenskra kr\u00f3na. \u00c1 t\u00edmabilinu stefnir Ford a\u00f0 \u00fev\u00ed a\u00f0 \u00ferefalda fj\u00f6lda\u00a0tvinn- og rafb\u00edlam\u00f3dela sinna, sem \u00ed dag eru sex &hellip; <a href=\"https:\/\/graenaorkan.is\/?p=1266\">Continue reading <span class=\"meta-nav\">&rarr;<\/span><\/a><\/p>\n","protected":false},"author":5,"featured_media":0,"comment_status":"open","ping_status":"open","sticky":false,"template":"","format":"standard","meta":[],"categories":[3,10],"tags":[],"_links":{"self":[{"href":"https:\/\/graenaorkan.is\/index.php?rest_route=\/wp\/v2\/posts\/1266"}],"collection":[{"href":"https:\/\/graenaorkan.is\/index.php?rest_route=\/wp\/v2\/posts"}],"about":[{"href":"https:\/\/graenaorkan.is\/index.php?rest_route=\/wp\/v2\/types\/post"}],"author":[{"embeddable":true,"href":"https:\/\/graenaorkan.is\/index.php?rest_route=\/wp\/v2\/users\/5"}],"replies":[{"embeddable":true,"href":"https:\/\/graenaorkan.is\/index.php?rest_route=%2Fwp%2Fv2%2Fcomments&post=1266"}],"version-history":[{"count":4,"href":"https:\/\/graenaorkan.is\/index.php?rest_route=\/wp\/v2\/posts\/1266\/revisions"}],"predecessor-version":[{"id":1270,"href":"https:\/\/graenaorkan.is\/index.php?rest_route=\/wp\/v2\/posts\/1266\/revisions\/1270"}],"wp:attachment":[{"href":"https:\/\/graenaorkan.is\/index.php?rest_route=%2Fwp%2Fv2%2Fmedia&parent=1266"}],"wp:term":[{"taxonomy":"category","embeddable":true,"href":"https:\/\/graenaorkan.is\/index.php?rest_route=%2Fwp%2Fv2%2Fcategories&post=1266"},{"taxonomy":"post_tag","embeddable":true,"href":"https:\/\/graenaorkan.is\/index.php?rest_route=%2Fwp%2Fv2%2Ftags&post=1266"}],"curies":[{"name":"wp","href":"https:\/\/api.w.org\/{rel}","templated":true}]}}