{"id":1279,"date":"2016-02-02T10:26:35","date_gmt":"2016-02-02T10:26:35","guid":{"rendered":"http:\/\/graenaorkan.is\/?p=1279"},"modified":"2016-02-02T10:27:02","modified_gmt":"2016-02-02T10:27:02","slug":"rafstraetisvagnar-i-chicago","status":"publish","type":"post","link":"https:\/\/graenaorkan.is\/?p=1279","title":{"rendered":"Rafstr\u00e6tisvagnar \u00ed Chicago"},"content":{"rendered":"<p>Eftir a\u00f0 hafa reynslueki\u00f0 tveimur str\u00e6tisv\u00f6gnum \u00ed heilt \u00e1r \u00e1 g\u00f6tum borgarinnar, hafa samg\u00f6nguyfirv\u00f6ld \u00ed Chicago teki\u00f0 \u00e1kv\u00f6r\u00f0un um a\u00f0 fj\u00e1rfesta \u00ed str\u00e6tisv\u00f6gnum sem ganga eing\u00f6ngu fyrir rafmagni. Borgin mun festa kaup \u00e1 20-30 v\u00f6gnum \u00e1 n\u00e6stu \u00e1rum og endurn\u00fdja flota sinn sm\u00e1tt og sm\u00e1tt. Str\u00e6tisvagnarnir eru framleiddir af\u00a0<a href=\"http:\/\/www.newflyer.com\/\" target=\"_blank\">New Flyer Industries<\/a>, og keyra \u00e1 300 kWh li\u00fe\u00edum rafhl\u00f6\u00f0u og hafa 80 m\u00edlna (~130 km) \u00a0dr\u00e6gi.<\/p>\n<p>Sj\u00e1 n\u00e1nar <a href=\"http:\/\/www.greencarreports.com\/news\/1102130_chicago-transit-authority-to-add-dozens-of-electric-buses-after-successful-tests\" target=\"_blank\">h\u00e9r<\/a>.<\/p>\n<p style=\"text-align: center;\"><img decoding=\"async\" loading=\"lazy\" class=\"aligncenter\" src=\"http:\/\/www.newflyer.com\/pix\/News%20Center\/Bus%20Pictures\/Xcelsior\/xcelsior_23.jpg\" alt=\"\" width=\"448\" height=\"298\" \/><\/p>\n","protected":false},"excerpt":{"rendered":"<p>Eftir a\u00f0 hafa reynslueki\u00f0 tveimur str\u00e6tisv\u00f6gnum \u00ed heilt \u00e1r \u00e1 g\u00f6tum borgarinnar, hafa samg\u00f6nguyfirv\u00f6ld \u00ed Chicago teki\u00f0 \u00e1kv\u00f6r\u00f0un um a\u00f0 fj\u00e1rfesta \u00ed str\u00e6tisv\u00f6gnum sem ganga eing\u00f6ngu fyrir rafmagni. Borgin mun festa kaup \u00e1 20-30 v\u00f6gnum \u00e1 n\u00e6stu \u00e1rum og endurn\u00fdja &hellip; <a href=\"https:\/\/graenaorkan.is\/?p=1279\">Continue reading <span class=\"meta-nav\">&rarr;<\/span><\/a><\/p>\n","protected":false},"author":5,"featured_media":0,"comment_status":"open","ping_status":"open","sticky":false,"template":"","format":"standard","meta":[],"categories":[10,18],"tags":[],"_links":{"self":[{"href":"https:\/\/graenaorkan.is\/index.php?rest_route=\/wp\/v2\/posts\/1279"}],"collection":[{"href":"https:\/\/graenaorkan.is\/index.php?rest_route=\/wp\/v2\/posts"}],"about":[{"href":"https:\/\/graenaorkan.is\/index.php?rest_route=\/wp\/v2\/types\/post"}],"author":[{"embeddable":true,"href":"https:\/\/graenaorkan.is\/index.php?rest_route=\/wp\/v2\/users\/5"}],"replies":[{"embeddable":true,"href":"https:\/\/graenaorkan.is\/index.php?rest_route=%2Fwp%2Fv2%2Fcomments&post=1279"}],"version-history":[{"count":3,"href":"https:\/\/graenaorkan.is\/index.php?rest_route=\/wp\/v2\/posts\/1279\/revisions"}],"predecessor-version":[{"id":1283,"href":"https:\/\/graenaorkan.is\/index.php?rest_route=\/wp\/v2\/posts\/1279\/revisions\/1283"}],"wp:attachment":[{"href":"https:\/\/graenaorkan.is\/index.php?rest_route=%2Fwp%2Fv2%2Fmedia&parent=1279"}],"wp:term":[{"taxonomy":"category","embeddable":true,"href":"https:\/\/graenaorkan.is\/index.php?rest_route=%2Fwp%2Fv2%2Fcategories&post=1279"},{"taxonomy":"post_tag","embeddable":true,"href":"https:\/\/graenaorkan.is\/index.php?rest_route=%2Fwp%2Fv2%2Ftags&post=1279"}],"curies":[{"name":"wp","href":"https:\/\/api.w.org\/{rel}","templated":true}]}}