{"id":1285,"date":"2016-02-04T09:48:43","date_gmt":"2016-02-04T09:48:43","guid":{"rendered":"http:\/\/graenaorkan.is\/?p=1285"},"modified":"2016-02-04T09:49:58","modified_gmt":"2016-02-04T09:49:58","slug":"floti-bandariska-sjohersins-notar-10-lifdisil","status":"publish","type":"post","link":"https:\/\/graenaorkan.is\/?p=1285","title":{"rendered":"Floti bandar\u00edska sj\u00f3hersins notar 10% l\u00edfd\u00edsil"},"content":{"rendered":"<p>Bandr\u00edski sj\u00f3herinn heldur \u00f3trautt \u00e1fram me\u00f0 \u00e1\u00e6tlanir um a\u00f0 nota bl\u00f6ndu d\u00edsil og l\u00edfd\u00edsils \u00e1 flota sinn, \u00fer\u00e1tt fyrir l\u00e1gt ol\u00eduver\u00f0 undanfari\u00f0. Sj\u00f3herinn f\u00e9kk fyrir \u00feremur \u00e1rum styrk til \u00feess a\u00f0 byggja \u00ferj\u00e1r hreinsunarst\u00f6\u00f0var sem sj\u00e1 \u00e1ttu flotanum fyrir l\u00edfd\u00edsil en s\u00ed\u00f0an \u00fe\u00e1 hefur ol\u00eduver\u00f0 falli\u00f0 um 70% og gagnr\u00fdnisraddir or\u00f0nar h\u00e1v\u00e6rar. Herinn l\u00e6tur sig \u00fea\u00f0 engu skipta og segir \u00e1kv\u00f6r\u00f0unina ekki einungis hafa veri\u00f0 tekna \u00fat fr\u00e1 umhverfisverndarsj\u00f3narmi\u00f0um heldur einnig hafi veri\u00f0 horft til \u00feess a\u00f0 eldsneytissparna\u00f0ur f\u00e6kki fer\u00f0um \u00ed hafnir til \u00e1fyllingar og auki um lei\u00f0 orkusj\u00e1lfst\u00e6\u00f0i sitt.<\/p>\n<p>Sj\u00e1 n\u00e1nar <a href=\"http:\/\/www.greencarreports.com\/news\/1101968_u-s-navys-great-green-fleet-uses-10-percent-biodiesel-even-as-fuel-prices-plummet\" target=\"_blank\">h\u00e9r<\/a>.<\/p>\n<div style=\"width: 522px\" class=\"wp-caption aligncenter\"><a href=\"http:\/\/www.greencarreports.com\/news\/1101968_u-s-navys-great-green-fleet-uses-10-percent-biodiesel-even-as-fuel-prices-plummet\"><img decoding=\"async\" loading=\"lazy\" src=\"http:\/\/images.hgmsites.net\/med\/uss-princeton-refuels-with-biofuel-in-2012-image-u-s-navy-via-flickr_100543373_m.jpg\" alt=\"USS Princeton refuels with biofuel in 2012 [Image: U.S. Navy via Flickr]\" width=\"512\" height=\"366\" \/><\/a><p class=\"wp-caption-text\">Mynd: Herskipi\u00f0 USS Princeton f\u00e6r l\u00edfd\u00edsil\u00e1fyllingu (US Navy \u00e1 Flickr)<\/p><\/div>\n","protected":false},"excerpt":{"rendered":"<p>Bandr\u00edski sj\u00f3herinn heldur \u00f3trautt \u00e1fram me\u00f0 \u00e1\u00e6tlanir um a\u00f0 nota bl\u00f6ndu d\u00edsil og l\u00edfd\u00edsils \u00e1 flota sinn, \u00fer\u00e1tt fyrir l\u00e1gt ol\u00eduver\u00f0 undanfari\u00f0. Sj\u00f3herinn f\u00e9kk fyrir \u00feremur \u00e1rum styrk til \u00feess a\u00f0 byggja \u00ferj\u00e1r hreinsunarst\u00f6\u00f0var sem sj\u00e1 \u00e1ttu flotanum fyrir l\u00edfd\u00edsil &hellip; <a href=\"https:\/\/graenaorkan.is\/?p=1285\">Continue reading <span class=\"meta-nav\">&rarr;<\/span><\/a><\/p>\n","protected":false},"author":5,"featured_media":0,"comment_status":"open","ping_status":"open","sticky":false,"template":"","format":"standard","meta":[],"categories":[17,12],"tags":[],"_links":{"self":[{"href":"https:\/\/graenaorkan.is\/index.php?rest_route=\/wp\/v2\/posts\/1285"}],"collection":[{"href":"https:\/\/graenaorkan.is\/index.php?rest_route=\/wp\/v2\/posts"}],"about":[{"href":"https:\/\/graenaorkan.is\/index.php?rest_route=\/wp\/v2\/types\/post"}],"author":[{"embeddable":true,"href":"https:\/\/graenaorkan.is\/index.php?rest_route=\/wp\/v2\/users\/5"}],"replies":[{"embeddable":true,"href":"https:\/\/graenaorkan.is\/index.php?rest_route=%2Fwp%2Fv2%2Fcomments&post=1285"}],"version-history":[{"count":3,"href":"https:\/\/graenaorkan.is\/index.php?rest_route=\/wp\/v2\/posts\/1285\/revisions"}],"predecessor-version":[{"id":1288,"href":"https:\/\/graenaorkan.is\/index.php?rest_route=\/wp\/v2\/posts\/1285\/revisions\/1288"}],"wp:attachment":[{"href":"https:\/\/graenaorkan.is\/index.php?rest_route=%2Fwp%2Fv2%2Fmedia&parent=1285"}],"wp:term":[{"taxonomy":"category","embeddable":true,"href":"https:\/\/graenaorkan.is\/index.php?rest_route=%2Fwp%2Fv2%2Fcategories&post=1285"},{"taxonomy":"post_tag","embeddable":true,"href":"https:\/\/graenaorkan.is\/index.php?rest_route=%2Fwp%2Fv2%2Ftags&post=1285"}],"curies":[{"name":"wp","href":"https:\/\/api.w.org\/{rel}","templated":true}]}}