{"id":1289,"date":"2016-02-05T14:14:32","date_gmt":"2016-02-05T14:14:32","guid":{"rendered":"http:\/\/graenaorkan.is\/?p=1289"},"modified":"2016-02-05T14:14:32","modified_gmt":"2016-02-05T14:14:32","slug":"opid-umsagnarferli-esb-um-nyja-tilskipun-um-endurnyjanlega-orkugjafa","status":"publish","type":"post","link":"https:\/\/graenaorkan.is\/?p=1289","title":{"rendered":"Opi\u00f0 umsagnarferli ESB um n\u00fdja tilskipun um endurn\u00fdjanlega orkugjafa"},"content":{"rendered":"<p>N\u00fa stendur yfir opi\u00f0 umsagnarferli Evr\u00f3pusambandsins um n\u00fdja tilskipun \u00feess um endurn\u00fdjanlega orkugjafa (e. <a href=\"https:\/\/ec.europa.eu\/energy\/en\/topics\/renewable-energy\/renewable-energy-directive\" target=\"_blank\">Renewable Energy Directive<\/a>) fyrir t\u00edmabili\u00f0 eftir \u00e1ri\u00f0 2020. Athugasemdir skulu berast fyrir 10. febr\u00faar n\u00e6stkomandi \u00ed gegnum hlekk \u00e1 <a href=\"https:\/\/ec.europa.eu\/energy\/en\/consultations\/preparation-new-renewable-energy-directive-period-after-2020\" target=\"_blank\">\u00feessari s\u00ed\u00f0u<\/a>.<\/p>\n<p><img decoding=\"async\" class=\"aligncenter\" src=\"https:\/\/ec.europa.eu\/energy\/sites\/ener\/themes\/energy\/logo.png\" alt=\"European Commission logo\" \/><\/p>\n<p>&nbsp;<\/p>\n","protected":false},"excerpt":{"rendered":"<p>N\u00fa stendur yfir opi\u00f0 umsagnarferli Evr\u00f3pusambandsins um n\u00fdja tilskipun \u00feess um endurn\u00fdjanlega orkugjafa (e. Renewable Energy Directive) fyrir t\u00edmabili\u00f0 eftir \u00e1ri\u00f0 2020. Athugasemdir skulu berast fyrir 10. febr\u00faar n\u00e6stkomandi \u00ed gegnum hlekk \u00e1 \u00feessari s\u00ed\u00f0u. &nbsp;<\/p>\n","protected":false},"author":5,"featured_media":0,"comment_status":"open","ping_status":"open","sticky":false,"template":"","format":"standard","meta":[],"categories":[21],"tags":[],"_links":{"self":[{"href":"https:\/\/graenaorkan.is\/index.php?rest_route=\/wp\/v2\/posts\/1289"}],"collection":[{"href":"https:\/\/graenaorkan.is\/index.php?rest_route=\/wp\/v2\/posts"}],"about":[{"href":"https:\/\/graenaorkan.is\/index.php?rest_route=\/wp\/v2\/types\/post"}],"author":[{"embeddable":true,"href":"https:\/\/graenaorkan.is\/index.php?rest_route=\/wp\/v2\/users\/5"}],"replies":[{"embeddable":true,"href":"https:\/\/graenaorkan.is\/index.php?rest_route=%2Fwp%2Fv2%2Fcomments&post=1289"}],"version-history":[{"count":2,"href":"https:\/\/graenaorkan.is\/index.php?rest_route=\/wp\/v2\/posts\/1289\/revisions"}],"predecessor-version":[{"id":1291,"href":"https:\/\/graenaorkan.is\/index.php?rest_route=\/wp\/v2\/posts\/1289\/revisions\/1291"}],"wp:attachment":[{"href":"https:\/\/graenaorkan.is\/index.php?rest_route=%2Fwp%2Fv2%2Fmedia&parent=1289"}],"wp:term":[{"taxonomy":"category","embeddable":true,"href":"https:\/\/graenaorkan.is\/index.php?rest_route=%2Fwp%2Fv2%2Fcategories&post=1289"},{"taxonomy":"post_tag","embeddable":true,"href":"https:\/\/graenaorkan.is\/index.php?rest_route=%2Fwp%2Fv2%2Ftags&post=1289"}],"curies":[{"name":"wp","href":"https:\/\/api.w.org\/{rel}","templated":true}]}}