{"id":1292,"date":"2016-02-06T10:19:02","date_gmt":"2016-02-06T10:19:02","guid":{"rendered":"http:\/\/graenaorkan.is\/?p=1292"},"modified":"2016-02-05T14:38:39","modified_gmt":"2016-02-05T14:38:39","slug":"nyjungar-hja-audi","status":"publish","type":"post","link":"https:\/\/graenaorkan.is\/?p=1292","title":{"rendered":"N\u00fdjungar hj\u00e1 Audi"},"content":{"rendered":"<p>Audi kynnti margar spennandi n\u00fdjungar \u00e1 hinni \u00e1rlegu b\u00edlas\u00fdningu \u00ed Detroit \u00ed jan\u00faar. Framlei\u00f0andinn mun \u00e1 n\u00e6stu \u00e1rum me\u00f0al annars bj\u00f3\u00f0a upp \u00e1 b\u00edla me\u00f0 \u00f6\u00f0rum aflgj\u00f6fum en jar\u00f0efnaeldsneyti, t.d. vetnisb\u00edlinn Audi h-tron quattro concept og tengiltvinnb\u00edlinn Audi Q7 .<\/p>\n<p>Sj\u00e1 n\u00e1nar \u00ed fr\u00e9tt mbl.is <a href=\"http:\/\/www.mbl.is\/bill\/frettir\/2016\/02\/05\/audi_kynnir_fjolbreyttar_nyjungar\/\" target=\"_blank\">h\u00e9r<\/a>.<\/p>\n","protected":false},"excerpt":{"rendered":"<p>Audi kynnti margar spennandi n\u00fdjungar \u00e1 hinni \u00e1rlegu b\u00edlas\u00fdningu \u00ed Detroit \u00ed jan\u00faar. Framlei\u00f0andinn mun \u00e1 n\u00e6stu \u00e1rum me\u00f0al annars bj\u00f3\u00f0a upp \u00e1 b\u00edla me\u00f0 \u00f6\u00f0rum aflgj\u00f6fum en jar\u00f0efnaeldsneyti, t.d. vetnisb\u00edlinn Audi h-tron quattro concept og tengiltvinnb\u00edlinn Audi Q7 . &hellip; <a href=\"https:\/\/graenaorkan.is\/?p=1292\">Continue reading <span class=\"meta-nav\">&rarr;<\/span><\/a><\/p>\n","protected":false},"author":5,"featured_media":0,"comment_status":"open","ping_status":"open","sticky":false,"template":"","format":"standard","meta":[],"categories":[3,10,11],"tags":[],"_links":{"self":[{"href":"https:\/\/graenaorkan.is\/index.php?rest_route=\/wp\/v2\/posts\/1292"}],"collection":[{"href":"https:\/\/graenaorkan.is\/index.php?rest_route=\/wp\/v2\/posts"}],"about":[{"href":"https:\/\/graenaorkan.is\/index.php?rest_route=\/wp\/v2\/types\/post"}],"author":[{"embeddable":true,"href":"https:\/\/graenaorkan.is\/index.php?rest_route=\/wp\/v2\/users\/5"}],"replies":[{"embeddable":true,"href":"https:\/\/graenaorkan.is\/index.php?rest_route=%2Fwp%2Fv2%2Fcomments&post=1292"}],"version-history":[{"count":1,"href":"https:\/\/graenaorkan.is\/index.php?rest_route=\/wp\/v2\/posts\/1292\/revisions"}],"predecessor-version":[{"id":1293,"href":"https:\/\/graenaorkan.is\/index.php?rest_route=\/wp\/v2\/posts\/1292\/revisions\/1293"}],"wp:attachment":[{"href":"https:\/\/graenaorkan.is\/index.php?rest_route=%2Fwp%2Fv2%2Fmedia&parent=1292"}],"wp:term":[{"taxonomy":"category","embeddable":true,"href":"https:\/\/graenaorkan.is\/index.php?rest_route=%2Fwp%2Fv2%2Fcategories&post=1292"},{"taxonomy":"post_tag","embeddable":true,"href":"https:\/\/graenaorkan.is\/index.php?rest_route=%2Fwp%2Fv2%2Ftags&post=1292"}],"curies":[{"name":"wp","href":"https:\/\/api.w.org\/{rel}","templated":true}]}}