{"id":1294,"date":"2016-02-08T10:39:08","date_gmt":"2016-02-08T10:39:08","guid":{"rendered":"http:\/\/graenaorkan.is\/?p=1294"},"modified":"2016-02-08T10:39:08","modified_gmt":"2016-02-08T10:39:08","slug":"umsoknarfrestur-um-styrk-fra-nora-er-til-7-mars","status":"publish","type":"post","link":"https:\/\/graenaorkan.is\/?p=1294","title":{"rendered":"Ums\u00f3knarfrestur um styrk fr\u00e1 NORA er til 7. mars"},"content":{"rendered":"<p>Gr\u00e6na orkan vill vekja athygli \u00e1 \u00fev\u00ed a\u00f0 <strong>ums\u00f3knarfrestur um styrk fr\u00e1 NORA, Norr\u00e6na Atlantssamstarfinu, er til 7. mars<\/strong> n\u00e6stkomandi. \u00a0Styrkir eru veittir vegna verkefna sem unnin eru af fulltr\u00faum fr\u00e1 a\u00f0 minnsta kosti tveimur af fj\u00f3rum NORA l\u00f6ndum (Gr\u00e6nlandi, \u00cdslandi, Strandh\u00e9ru\u00f0um Noregs og F\u00e6reyjum) og heyra undir eitthvert <a href=\"http:\/\/www.nora.fo\/strategi\/strategiprogram20122016\/\" target=\"_blank\">\u00e1herslusvi\u00f0a \u00feess 2012-2016<\/a>:<\/p>\n<ul>\n<li>efling sj\u00e1var\u00fatvegs og au\u00f0linda hafsins<\/li>\n<li>stu\u00f0ningur vi\u00f0 n\u00fdsk\u00f6pun og fj\u00f6l\u00fej\u00f3\u00f0legra tengslaneta um n\u00fdsk\u00f6pun<\/li>\n<li>stytting vegalengda innan NORA sv\u00e6\u00f0is: innvi\u00f0ir, \u00a0uppl\u00fdsinga- og samskiptat\u00e6kni<\/li>\n<\/ul>\n<div>N\u00e1nari uppl\u00fdsingar um ums\u00f3knarferli\u00f0 er a\u00f0 finna <a href=\"http:\/\/www.nora.fo\/en\/projectfunding\/guideforprojectfunding\/\" target=\"_blank\">h\u00e9r<\/a>.<\/div>\n<div><img decoding=\"async\" class=\"aligncenter\" src=\"http:\/\/www.nora.fo\/typo3temp\/fl_realurl_image\/logo-nora-small-uk-lo.png\" alt=\"\" \/><\/div>\n","protected":false},"excerpt":{"rendered":"<p>Gr\u00e6na orkan vill vekja athygli \u00e1 \u00fev\u00ed a\u00f0 ums\u00f3knarfrestur um styrk fr\u00e1 NORA, Norr\u00e6na Atlantssamstarfinu, er til 7. mars n\u00e6stkomandi. \u00a0Styrkir eru veittir vegna verkefna sem unnin eru af fulltr\u00faum fr\u00e1 a\u00f0 minnsta kosti tveimur af fj\u00f3rum NORA l\u00f6ndum (Gr\u00e6nlandi, &hellip; <a href=\"https:\/\/graenaorkan.is\/?p=1294\">Continue reading <span class=\"meta-nav\">&rarr;<\/span><\/a><\/p>\n","protected":false},"author":5,"featured_media":0,"comment_status":"open","ping_status":"open","sticky":false,"template":"","format":"standard","meta":[],"categories":[19],"tags":[],"_links":{"self":[{"href":"https:\/\/graenaorkan.is\/index.php?rest_route=\/wp\/v2\/posts\/1294"}],"collection":[{"href":"https:\/\/graenaorkan.is\/index.php?rest_route=\/wp\/v2\/posts"}],"about":[{"href":"https:\/\/graenaorkan.is\/index.php?rest_route=\/wp\/v2\/types\/post"}],"author":[{"embeddable":true,"href":"https:\/\/graenaorkan.is\/index.php?rest_route=\/wp\/v2\/users\/5"}],"replies":[{"embeddable":true,"href":"https:\/\/graenaorkan.is\/index.php?rest_route=%2Fwp%2Fv2%2Fcomments&post=1294"}],"version-history":[{"count":2,"href":"https:\/\/graenaorkan.is\/index.php?rest_route=\/wp\/v2\/posts\/1294\/revisions"}],"predecessor-version":[{"id":1296,"href":"https:\/\/graenaorkan.is\/index.php?rest_route=\/wp\/v2\/posts\/1294\/revisions\/1296"}],"wp:attachment":[{"href":"https:\/\/graenaorkan.is\/index.php?rest_route=%2Fwp%2Fv2%2Fmedia&parent=1294"}],"wp:term":[{"taxonomy":"category","embeddable":true,"href":"https:\/\/graenaorkan.is\/index.php?rest_route=%2Fwp%2Fv2%2Fcategories&post=1294"},{"taxonomy":"post_tag","embeddable":true,"href":"https:\/\/graenaorkan.is\/index.php?rest_route=%2Fwp%2Fv2%2Ftags&post=1294"}],"curies":[{"name":"wp","href":"https:\/\/api.w.org\/{rel}","templated":true}]}}