{"id":1300,"date":"2016-02-12T08:35:23","date_gmt":"2016-02-12T08:35:23","guid":{"rendered":"http:\/\/graenaorkan.is\/?p=1300"},"modified":"2016-02-12T12:47:35","modified_gmt":"2016-02-12T12:47:35","slug":"althjodlega-radstefna-um-throun-bil-og-skipavela-knunar-metanoli","status":"publish","type":"post","link":"https:\/\/graenaorkan.is\/?p=1300","title":{"rendered":"Al\u00fej\u00f3\u00f0leg r\u00e1\u00f0stefna um \u00fer\u00f3un b\u00edl- og skipav\u00e9la kn\u00fanar metan\u00f3li"},"content":{"rendered":"<p>Gr\u00e6na orkan vill vekja athygli \u00e1 fyrstu al\u00fej\u00f3\u00f0legu r\u00e1\u00f0stefnunni um \u00fer\u00f3un b\u00edl- og skipav\u00e9la kn\u00fanar metan\u00f3li, sem haldin er af Carbon Recycling International. H\u00fan ber yfirskriftina <strong>R\u00e1\u00f0stefna um \u00fer\u00f3un b\u00edl- og skipav\u00e9la kn\u00fanar metan\u00f3li\u00a0til a\u00f0 efla umhverfisv\u00e6nar samg\u00f6ngur \u00e1 sj\u00f3 og landi.<\/strong><\/p>\n<p>R\u00e1\u00f0stefnan mun veita brei\u00f0a s\u00fdn yfir n\u00fdsk\u00f6pun svi\u00f0i umhverfisv\u00e6nni b\u00edl- og skipav\u00e9la undanfarin misseri, en \u00fer\u00f3un t\u00e6kni til a\u00f0 n\u00fdta metan\u00f3l er hr\u00f6\u00f0, ekki s\u00edst \u00fear sem krafa um orkuskipti me\u00f0 sj\u00e1lfb\u00e6ru eldsneyti fer vaxandi, b\u00e6\u00f0i \u00ed samg\u00f6ngum \u00e1 sj\u00f3 og landi og \u00ed sj\u00e1var\u00fatvegi. Dagskr\u00e1 m\u00e1 finna <a href=\"https:\/\/graenaorkan.is\/wp-content\/uploads\/2016\/02\/Dagskr\u00e1-r\u00e1\u00f0stefnu-CRI-2016-\u00edslenska2.pdf\">h\u00e9r<\/a>.<\/p>\n<p>R\u00e1\u00f0stefnan ver\u00f0ur haldin \u00feri\u00f0judaginn <strong>23. febr\u00faar n.k. \u00ed Gullteigi \u00e1 Grand Hotel<\/strong>, Reykjav\u00edk. A\u00f0gangur er \u00f6llum opinn. Bo\u00f0i\u00f0 ver\u00f0ur upp \u00e1 kaffiveitingar og l\u00e9ttan h\u00e1degisver\u00f0. <strong>Skr\u00e1ning til \u00fe\u00e1ttt\u00f6ku skal berast \u00ed netfangi\u00f0<\/strong> <a href=\"mailto:conference@cri.is\" target=\"_blank\">conference@cri.is<\/a>.<\/p>\n<p>Fyrirlesarar eru helstu al\u00fej\u00f3\u00f0legu s\u00e9rfr\u00e6\u00f0ingar \u00e1 svi\u00f0i b\u00edlv\u00e9la og v\u00e9la fyrir skip og b\u00e1ta sem kn\u00fanar eru metan\u00f3li, fjalla\u00f0 ver\u00f0ur um sprengihreyfla, tengiltvinnb\u00edla og efnarafala.<\/p>\n<p>Efni r\u00e1\u00f0stefnunnar \u00e6tti a\u00f0 h\u00f6f\u00f0a til allra sem \u00e1huga hafa \u00e1 umhverfisv\u00e6nni lausnum \u00ed samg\u00f6ngum og \u00ed sj\u00e1var\u00fatvegi og ver\u00f0ur \u00fear varpa\u00f0 n\u00fdju lj\u00f3si \u00e1 \u00f6granir og m\u00f6guleika \u00e1 \u00feessu svi\u00f0i.<\/p>\n<p>\u00de\u00e1 ver\u00f0ur hulunni svipt af fyrstu b\u00edlunum sem ganga fyrir hreinu metan\u00f3li, fr\u00e1 b\u00edlaframlei\u00f0andum Geely sem er hluthafi \u00ed CRI. Pr\u00f3fanir \u00e1 \u00feessum b\u00edlum eru a\u00f0 hefjast h\u00e9r \u00e1 landi, \u00ed samvinnu CRI, Geely og Brimborgar.<\/p>\n<p>Me\u00f0al s\u00e9rfr\u00e6\u00f0inga \u00e1 r\u00e1\u00f0stefnunni eru yfirmenn ranns\u00f3kna og \u00fer\u00f3unar Geely b\u00edlaverksmi\u00f0janna og Fiat Chrysler samsteypunnar, sem unni\u00f0 hafa a\u00f0 \u00fer\u00f3un b\u00edlv\u00e9la fyrir metan\u00f3l og helsti r\u00e1\u00f0gjafi W\u00e4rtsil\u00e4 \u00ed Finnlandi sem er me\u00f0al \u00feeirra fyrirt\u00e6kja sem n\u00fa framlei\u00f0a metan\u00f3lv\u00e9lar fyrir skip og b\u00e1ta. \u00de\u00e1 tala m.a. s\u00e9rfr\u00e6\u00f0ingar fr\u00e1 MIT h\u00e1sk\u00f3lanum \u00ed Boston, Chalmers t\u00e6knih\u00e1sk\u00f3lanum \u00ed Gautaborg, Ghent h\u00e1sk\u00f3la og t\u00e6knih\u00e1sk\u00f3lanum \u00ed Kaupmannah\u00f6fn um st\u00f6\u00f0u og horfur \u00ed \u00fer\u00f3un v\u00e9la og t\u00e6knib\u00fana\u00f0ar.<\/p>\n","protected":false},"excerpt":{"rendered":"<p>Gr\u00e6na orkan vill vekja athygli \u00e1 fyrstu al\u00fej\u00f3\u00f0legu r\u00e1\u00f0stefnunni um \u00fer\u00f3un b\u00edl- og skipav\u00e9la kn\u00fanar metan\u00f3li, sem haldin er af Carbon Recycling International. H\u00fan ber yfirskriftina R\u00e1\u00f0stefna um \u00fer\u00f3un b\u00edl- og skipav\u00e9la kn\u00fanar metan\u00f3li\u00a0til a\u00f0 efla umhverfisv\u00e6nar samg\u00f6ngur \u00e1 sj\u00f3 &hellip; <a href=\"https:\/\/graenaorkan.is\/?p=1300\">Continue reading <span class=\"meta-nav\">&rarr;<\/span><\/a><\/p>\n","protected":false},"author":5,"featured_media":0,"comment_status":"open","ping_status":"open","sticky":false,"template":"","format":"standard","meta":[],"categories":[5,9,18],"tags":[],"_links":{"self":[{"href":"https:\/\/graenaorkan.is\/index.php?rest_route=\/wp\/v2\/posts\/1300"}],"collection":[{"href":"https:\/\/graenaorkan.is\/index.php?rest_route=\/wp\/v2\/posts"}],"about":[{"href":"https:\/\/graenaorkan.is\/index.php?rest_route=\/wp\/v2\/types\/post"}],"author":[{"embeddable":true,"href":"https:\/\/graenaorkan.is\/index.php?rest_route=\/wp\/v2\/users\/5"}],"replies":[{"embeddable":true,"href":"https:\/\/graenaorkan.is\/index.php?rest_route=%2Fwp%2Fv2%2Fcomments&post=1300"}],"version-history":[{"count":5,"href":"https:\/\/graenaorkan.is\/index.php?rest_route=\/wp\/v2\/posts\/1300\/revisions"}],"predecessor-version":[{"id":1306,"href":"https:\/\/graenaorkan.is\/index.php?rest_route=\/wp\/v2\/posts\/1300\/revisions\/1306"}],"wp:attachment":[{"href":"https:\/\/graenaorkan.is\/index.php?rest_route=%2Fwp%2Fv2%2Fmedia&parent=1300"}],"wp:term":[{"taxonomy":"category","embeddable":true,"href":"https:\/\/graenaorkan.is\/index.php?rest_route=%2Fwp%2Fv2%2Fcategories&post=1300"},{"taxonomy":"post_tag","embeddable":true,"href":"https:\/\/graenaorkan.is\/index.php?rest_route=%2Fwp%2Fv2%2Ftags&post=1300"}],"curies":[{"name":"wp","href":"https:\/\/api.w.org\/{rel}","templated":true}]}}