{"id":1335,"date":"2016-04-06T15:55:49","date_gmt":"2016-04-06T15:55:49","guid":{"rendered":"http:\/\/graenaorkan.is\/?p=1335"},"modified":"2016-04-06T15:55:49","modified_gmt":"2016-04-06T15:55:49","slug":"new-york-fylki-ivilnar-rafbilum","status":"publish","type":"post","link":"https:\/\/graenaorkan.is\/?p=1335","title":{"rendered":"New York fylki \u00edvilnar rafb\u00edlum"},"content":{"rendered":"<p>\u00cd fj\u00e1rhags\u00e1\u00e6tlun New York fylkis fyrir fj\u00e1rhags\u00e1ri\u00f0 2016-7 er \u00ed fyrsta skipti\u00f0 gert r\u00e1\u00f0 fyrir \u00edvilnunum vegna kaupa \u00e1 rafb\u00edlum. \u00cd bo\u00f0i er endurgrei\u00f0sla sem nemur allt a\u00f0 $2000 vegna kaupa \u00e1 tvinnb\u00edlum og hreinorkub\u00edlum. Hinga\u00f0 til hefur r\u00edkisstj\u00f3rn fylkisins hvatt til uppbyggingar rafb\u00edlainnvi\u00f0a fyrir almenning en \u00fea\u00f0 hefur skila\u00f0 litlum \u00e1rangri. New York fylgir \u00ed kj\u00f6lfar n\u00e1grannafylkjanna <a href=\"http:\/\/www.ct.gov\/deep\/cwp\/view.asp?a=2684&amp;q=527866&amp;deepNav_GID=1619\" target=\"_blank\">Connecticut<\/a>, <a href=\"http:\/\/www.goelectricdrive.org\/select-country\/united-states\/itemlist\/category\/144-delaware\" target=\"_blank\">Delaware<\/a>, <a href=\"http:\/\/www.drive.ri.gov\/\" target=\"_blank\">Rhode Island<\/a> og <a href=\"https:\/\/mor-ev.org\/\" target=\"_blank\">Massachusetts<\/a> sem hafa \u00edvilna\u00f0 rafb\u00edlum um t\u00edma.<\/p>\n<p>Sj\u00e1 n\u00e1nar <a href=\"http:\/\/www.greencarreports.com\/news\/1103220_new-york-adds-electric-car-purchase-incentives-minnesota-may-follow\" target=\"_blank\">h\u00e9r<\/a>.<\/p>\n<p><a href=\"https:\/\/graenaorkan.is\/wp-content\/uploads\/2016\/04\/plug-in-hybrid-car-phev-.jpg\"><img decoding=\"async\" loading=\"lazy\" class=\"aligncenter size-medium wp-image-1336\" title=\"Electric vehicle concept\" src=\"https:\/\/graenaorkan.is\/wp-content\/uploads\/2016\/04\/plug-in-hybrid-car-phev--300x225.jpg\" alt=\"\" width=\"300\" height=\"225\" srcset=\"https:\/\/graenaorkan.is\/wp-content\/uploads\/2016\/04\/plug-in-hybrid-car-phev--300x225.jpg 300w, https:\/\/graenaorkan.is\/wp-content\/uploads\/2016\/04\/plug-in-hybrid-car-phev--266x200.jpg 266w, https:\/\/graenaorkan.is\/wp-content\/uploads\/2016\/04\/plug-in-hybrid-car-phev-.jpg 1024w\" sizes=\"(max-width: 300px) 100vw, 300px\" \/><\/a><\/p>\n","protected":false},"excerpt":{"rendered":"<p>\u00cd fj\u00e1rhags\u00e1\u00e6tlun New York fylkis fyrir fj\u00e1rhags\u00e1ri\u00f0 2016-7 er \u00ed fyrsta skipti\u00f0 gert r\u00e1\u00f0 fyrir \u00edvilnunum vegna kaupa \u00e1 rafb\u00edlum. \u00cd bo\u00f0i er endurgrei\u00f0sla sem nemur allt a\u00f0 $2000 vegna kaupa \u00e1 tvinnb\u00edlum og hreinorkub\u00edlum. Hinga\u00f0 til hefur r\u00edkisstj\u00f3rn fylkisins &hellip; <a href=\"https:\/\/graenaorkan.is\/?p=1335\">Continue reading <span class=\"meta-nav\">&rarr;<\/span><\/a><\/p>\n","protected":false},"author":5,"featured_media":0,"comment_status":"open","ping_status":"open","sticky":false,"template":"","format":"standard","meta":[],"categories":[20,10,18,21],"tags":[],"_links":{"self":[{"href":"https:\/\/graenaorkan.is\/index.php?rest_route=\/wp\/v2\/posts\/1335"}],"collection":[{"href":"https:\/\/graenaorkan.is\/index.php?rest_route=\/wp\/v2\/posts"}],"about":[{"href":"https:\/\/graenaorkan.is\/index.php?rest_route=\/wp\/v2\/types\/post"}],"author":[{"embeddable":true,"href":"https:\/\/graenaorkan.is\/index.php?rest_route=\/wp\/v2\/users\/5"}],"replies":[{"embeddable":true,"href":"https:\/\/graenaorkan.is\/index.php?rest_route=%2Fwp%2Fv2%2Fcomments&post=1335"}],"version-history":[{"count":2,"href":"https:\/\/graenaorkan.is\/index.php?rest_route=\/wp\/v2\/posts\/1335\/revisions"}],"predecessor-version":[{"id":1338,"href":"https:\/\/graenaorkan.is\/index.php?rest_route=\/wp\/v2\/posts\/1335\/revisions\/1338"}],"wp:attachment":[{"href":"https:\/\/graenaorkan.is\/index.php?rest_route=%2Fwp%2Fv2%2Fmedia&parent=1335"}],"wp:term":[{"taxonomy":"category","embeddable":true,"href":"https:\/\/graenaorkan.is\/index.php?rest_route=%2Fwp%2Fv2%2Fcategories&post=1335"},{"taxonomy":"post_tag","embeddable":true,"href":"https:\/\/graenaorkan.is\/index.php?rest_route=%2Fwp%2Fv2%2Ftags&post=1335"}],"curies":[{"name":"wp","href":"https:\/\/api.w.org\/{rel}","templated":true}]}}