{"id":1344,"date":"2016-04-11T12:28:00","date_gmt":"2016-04-11T12:28:00","guid":{"rendered":"http:\/\/graenaorkan.is\/?p=1344"},"modified":"2016-04-11T12:28:00","modified_gmt":"2016-04-11T12:28:00","slug":"reglur-um-gjaldfrjals-staedi-fyrir-vistvaenar-bifreidar-threngdar","status":"publish","type":"post","link":"https:\/\/graenaorkan.is\/?p=1344","title":{"rendered":"Reglur um gjaldfrj\u00e1ls st\u00e6\u00f0i fyrir vistv\u00e6nar bifrei\u00f0ar \u00ferengdar?"},"content":{"rendered":"<p>Umhverfis- og samg\u00f6ngusvi\u00f0 Reykjav\u00edkurborgar hefur lagt til a\u00f0 fr\u00e1 \u00e1ram\u00f3tum muni einungis bif\u00adrei\u00f0ar sem ganga fyr\u00adir raf\u00admagni a\u00f0 \u00f6llu leyti e\u00f0a a\u00f0 hluta, met\u00adan- og vetn\u00adis\u00adbif\u00adrei\u00f0ar f\u00e1 gjald\u00adfrj\u00e1ls st\u00e6\u00f0i. Borgin vill me\u00f0 \u00feessu hvetja til orkuskipta \u00ed samg\u00f6ngum.<\/p>\n<p>Sj\u00e1 n\u00e1nar \u00ed <a href=\"http:\/\/www.mbl.is\/bill\/frettir\/2016\/04\/08\/threngja_reglur_um_bilastaedi\/\" target=\"_blank\">fr\u00e9tt<\/a> mbl.is og \u00e1 <a href=\"http:\/\/www.visir.is\/vilja-herda-reglur-um-gjaldfrjals-bilastaedi\/article\/2016160409429\" target=\"_blank\">visir.is<\/a>.<\/p>\n","protected":false},"excerpt":{"rendered":"<p>Umhverfis- og samg\u00f6ngusvi\u00f0 Reykjav\u00edkurborgar hefur lagt til a\u00f0 fr\u00e1 \u00e1ram\u00f3tum muni einungis bif\u00adrei\u00f0ar sem ganga fyr\u00adir raf\u00admagni a\u00f0 \u00f6llu leyti e\u00f0a a\u00f0 hluta, met\u00adan- og vetn\u00adis\u00adbif\u00adrei\u00f0ar f\u00e1 gjald\u00adfrj\u00e1ls st\u00e6\u00f0i. Borgin vill me\u00f0 \u00feessu hvetja til orkuskipta \u00ed samg\u00f6ngum. Sj\u00e1 n\u00e1nar &hellip; <a href=\"https:\/\/graenaorkan.is\/?p=1344\">Continue reading <span class=\"meta-nav\">&rarr;<\/span><\/a><\/p>\n","protected":false},"author":5,"featured_media":0,"comment_status":"open","ping_status":"open","sticky":false,"template":"","format":"standard","meta":[],"categories":[20,8,10,11],"tags":[],"_links":{"self":[{"href":"https:\/\/graenaorkan.is\/index.php?rest_route=\/wp\/v2\/posts\/1344"}],"collection":[{"href":"https:\/\/graenaorkan.is\/index.php?rest_route=\/wp\/v2\/posts"}],"about":[{"href":"https:\/\/graenaorkan.is\/index.php?rest_route=\/wp\/v2\/types\/post"}],"author":[{"embeddable":true,"href":"https:\/\/graenaorkan.is\/index.php?rest_route=\/wp\/v2\/users\/5"}],"replies":[{"embeddable":true,"href":"https:\/\/graenaorkan.is\/index.php?rest_route=%2Fwp%2Fv2%2Fcomments&post=1344"}],"version-history":[{"count":1,"href":"https:\/\/graenaorkan.is\/index.php?rest_route=\/wp\/v2\/posts\/1344\/revisions"}],"predecessor-version":[{"id":1345,"href":"https:\/\/graenaorkan.is\/index.php?rest_route=\/wp\/v2\/posts\/1344\/revisions\/1345"}],"wp:attachment":[{"href":"https:\/\/graenaorkan.is\/index.php?rest_route=%2Fwp%2Fv2%2Fmedia&parent=1344"}],"wp:term":[{"taxonomy":"category","embeddable":true,"href":"https:\/\/graenaorkan.is\/index.php?rest_route=%2Fwp%2Fv2%2Fcategories&post=1344"},{"taxonomy":"post_tag","embeddable":true,"href":"https:\/\/graenaorkan.is\/index.php?rest_route=%2Fwp%2Fv2%2Ftags&post=1344"}],"curies":[{"name":"wp","href":"https:\/\/api.w.org\/{rel}","templated":true}]}}