{"id":1346,"date":"2016-04-13T11:49:37","date_gmt":"2016-04-13T11:49:37","guid":{"rendered":"http:\/\/graenaorkan.is\/?p=1346"},"modified":"2016-04-13T11:49:51","modified_gmt":"2016-04-13T11:49:51","slug":"nordic-electric-bus-initiatives-2-11-12-in-helsinki","status":"publish","type":"post","link":"https:\/\/graenaorkan.is\/?p=1346","title":{"rendered":"Nordic Electric Bus Initiatives 2, 11.-12. ma\u00ed \u00ed Helsinki"},"content":{"rendered":"<p>11.-12. ma\u00ed n\u00e6stkomandi ver\u00f0ur \u00ed Helsinki haldinn s\u00ed\u00f0ari hluti r\u00e1\u00f0stefnunnar Nordic Electric Bus Initiatives en fyrri hluti hennar f\u00f3r fram \u00ed <a href=\"https:\/\/graenaorkan.is\/?p=1160\" target=\"_blank\">september 2015<\/a>. Umfj\u00f6llunarefni r\u00e1\u00f0stefnunnar ver\u00f0a hvers kyns rafmagnsfarart\u00e6ki til f\u00f3lksflutninga, \u00fear \u00e1 me\u00f0al str\u00e6tisvagnar og h\u00f6f\u00f0ar helst til opinberra starfsmanna \u00e1 vegum sveitarf\u00e9laga, hafna og samg\u00f6ngustofnana auk \u00feeirra sem koma a\u00f0 framlei\u00f0slu farat\u00e6kja og \u00edhluta \u00feeirra.<\/p>\n<p>Sj\u00e1 n\u00e1nar um r\u00e1\u00f0stefnuna <a href=\"http:\/\/www.nordicenergy.org\/articles\/ecv-final-seminar-nordic-electric-bus-initiatives-2\/\" target=\"_blank\">h\u00e9r<\/a>. Teki\u00f0 er vi\u00f0 skr\u00e1ningum <a href=\"https:\/\/www.registerforevent.net\/Register\/Pages\/RegisterAttendee.aspx?en=VTTECV2016&amp;ep=%20iorCGLKz1o\" target=\"_blank\">h\u00e9r<\/a> til 30. apr\u00edl.<\/p>\n<p><a href=\"https:\/\/graenaorkan.is\/wp-content\/uploads\/2016\/04\/Sahkobussi_linkker-234x132.jpg\"><img decoding=\"async\" loading=\"lazy\" class=\"aligncenter size-full wp-image-1347\" title=\"Sahkobussi_linkker-234x132\" src=\"https:\/\/graenaorkan.is\/wp-content\/uploads\/2016\/04\/Sahkobussi_linkker-234x132.jpg\" alt=\"\" width=\"234\" height=\"132\" \/><\/a><\/p>\n","protected":false},"excerpt":{"rendered":"<p>11.-12. ma\u00ed n\u00e6stkomandi ver\u00f0ur \u00ed Helsinki haldinn s\u00ed\u00f0ari hluti r\u00e1\u00f0stefnunnar Nordic Electric Bus Initiatives en fyrri hluti hennar f\u00f3r fram \u00ed september 2015. Umfj\u00f6llunarefni r\u00e1\u00f0stefnunnar ver\u00f0a hvers kyns rafmagnsfarart\u00e6ki til f\u00f3lksflutninga, \u00fear \u00e1 me\u00f0al str\u00e6tisvagnar og h\u00f6f\u00f0ar helst til opinberra &hellip; <a href=\"https:\/\/graenaorkan.is\/?p=1346\">Continue reading <span class=\"meta-nav\">&rarr;<\/span><\/a><\/p>\n","protected":false},"author":5,"featured_media":0,"comment_status":"open","ping_status":"open","sticky":false,"template":"","format":"standard","meta":[],"categories":[5,10,18],"tags":[],"_links":{"self":[{"href":"https:\/\/graenaorkan.is\/index.php?rest_route=\/wp\/v2\/posts\/1346"}],"collection":[{"href":"https:\/\/graenaorkan.is\/index.php?rest_route=\/wp\/v2\/posts"}],"about":[{"href":"https:\/\/graenaorkan.is\/index.php?rest_route=\/wp\/v2\/types\/post"}],"author":[{"embeddable":true,"href":"https:\/\/graenaorkan.is\/index.php?rest_route=\/wp\/v2\/users\/5"}],"replies":[{"embeddable":true,"href":"https:\/\/graenaorkan.is\/index.php?rest_route=%2Fwp%2Fv2%2Fcomments&post=1346"}],"version-history":[{"count":3,"href":"https:\/\/graenaorkan.is\/index.php?rest_route=\/wp\/v2\/posts\/1346\/revisions"}],"predecessor-version":[{"id":1350,"href":"https:\/\/graenaorkan.is\/index.php?rest_route=\/wp\/v2\/posts\/1346\/revisions\/1350"}],"wp:attachment":[{"href":"https:\/\/graenaorkan.is\/index.php?rest_route=%2Fwp%2Fv2%2Fmedia&parent=1346"}],"wp:term":[{"taxonomy":"category","embeddable":true,"href":"https:\/\/graenaorkan.is\/index.php?rest_route=%2Fwp%2Fv2%2Fcategories&post=1346"},{"taxonomy":"post_tag","embeddable":true,"href":"https:\/\/graenaorkan.is\/index.php?rest_route=%2Fwp%2Fv2%2Ftags&post=1346"}],"curies":[{"name":"wp","href":"https:\/\/api.w.org\/{rel}","templated":true}]}}