{"id":1375,"date":"2016-06-08T13:49:17","date_gmt":"2016-06-08T13:49:17","guid":{"rendered":"http:\/\/graenaorkan.is\/?p=1375"},"modified":"2016-06-08T13:49:17","modified_gmt":"2016-06-08T13:49:17","slug":"nordic-energy-technology-perspectives-2016-kynning","status":"publish","type":"post","link":"https:\/\/graenaorkan.is\/?p=1375","title":{"rendered":"Nordic Energy Technology Perspectives 2016 kynning"},"content":{"rendered":"<p>N\u00e6stkomandi m\u00e1nudag, 13. j\u00fan\u00ed, \u00a0munu norr\u00e6nir v\u00edsindamenn og Al\u00fej\u00f3\u00f0a orkum\u00e1lastofnunin (IEA), kynna sk\u00fdrslu um vi\u00f0horf til orkut\u00e6kni og \u00fer\u00f3un orkumarka\u00f0arins \u00e1 Nor\u00f0url\u00f6ndunum til \u00e1rsins 2050.<\/p>\n<p>Sk\u00fdrslan, Vi\u00f0horf til orkut\u00e6kni \u00e1 Nor\u00f0url\u00f6ndunum 2016 (Nordic Energy Technology Perspectives 2016) er norr\u00e6n \u00fatg\u00e1fa af samb\u00e6rilegri al\u00fej\u00f3\u00f0legri sk\u00fdrslu. \u00a0\u00cd sk\u00fdrslunni kemur fram a\u00f0 \u00ed gegnum sv\u00e6\u00f0isbundi\u00f0 samstarf geta Nor\u00f0url\u00f6nd n\u00e1\u00f0 n\u00e1nast kolefnishlutlausu orkukerfi \u00e1ri\u00f0 2050 og dregi\u00f0 \u00far kolefnis\u00fatbl\u00e6stri \u00ed Evr\u00f3pu me\u00f0 \u00fatflutningi \u00e1 hreinni raforku.<\/p>\n<p>Sj\u00e1 n\u00e1nar \u00e1 s\u00ed\u00f0u <a href=\"http:\/\/os.is\/orkustofnun\/frettir\/nr\/1779\" target=\"_blank\">Orkustofnunar<\/a> og <a href=\"http:\/\/www.nordicenergy.org\/event\/icelandic-launch-of-nordic-energy-technology-perspectives-2016\/\" target=\"_blank\">NETP<\/a>, dagskr\u00e1 fundarins <a href=\"http:\/\/os.is\/gogn\/Frettir\/NETP-Dagskra-Orkustofnun-30-05-2016.pdf\" target=\"_blank\">h\u00e9r<\/a>.<\/p>\n<p>Skr\u00e1ning til \u00fe\u00e1ttt\u00f6ku <a href=\"http:\/\/www.anpdm.com\/public\/run-form.aspx?Id=434059427943475C427440&amp;EventId=41435F4670414A584B7940&amp;SessionId=414150447143435F407240\" target=\"_blank\">h\u00e9r<\/a>.<\/p>\n","protected":false},"excerpt":{"rendered":"<p>N\u00e6stkomandi m\u00e1nudag, 13. j\u00fan\u00ed, \u00a0munu norr\u00e6nir v\u00edsindamenn og Al\u00fej\u00f3\u00f0a orkum\u00e1lastofnunin (IEA), kynna sk\u00fdrslu um vi\u00f0horf til orkut\u00e6kni og \u00fer\u00f3un orkumarka\u00f0arins \u00e1 Nor\u00f0url\u00f6ndunum til \u00e1rsins 2050. Sk\u00fdrslan, Vi\u00f0horf til orkut\u00e6kni \u00e1 Nor\u00f0url\u00f6ndunum 2016 (Nordic Energy Technology Perspectives 2016) er norr\u00e6n \u00fatg\u00e1fa &hellip; <a href=\"https:\/\/graenaorkan.is\/?p=1375\">Continue reading <span class=\"meta-nav\">&rarr;<\/span><\/a><\/p>\n","protected":false},"author":5,"featured_media":0,"comment_status":"open","ping_status":"open","sticky":false,"template":"","format":"standard","meta":[],"categories":[5,19,21],"tags":[],"_links":{"self":[{"href":"https:\/\/graenaorkan.is\/index.php?rest_route=\/wp\/v2\/posts\/1375"}],"collection":[{"href":"https:\/\/graenaorkan.is\/index.php?rest_route=\/wp\/v2\/posts"}],"about":[{"href":"https:\/\/graenaorkan.is\/index.php?rest_route=\/wp\/v2\/types\/post"}],"author":[{"embeddable":true,"href":"https:\/\/graenaorkan.is\/index.php?rest_route=\/wp\/v2\/users\/5"}],"replies":[{"embeddable":true,"href":"https:\/\/graenaorkan.is\/index.php?rest_route=%2Fwp%2Fv2%2Fcomments&post=1375"}],"version-history":[{"count":2,"href":"https:\/\/graenaorkan.is\/index.php?rest_route=\/wp\/v2\/posts\/1375\/revisions"}],"predecessor-version":[{"id":1377,"href":"https:\/\/graenaorkan.is\/index.php?rest_route=\/wp\/v2\/posts\/1375\/revisions\/1377"}],"wp:attachment":[{"href":"https:\/\/graenaorkan.is\/index.php?rest_route=%2Fwp%2Fv2%2Fmedia&parent=1375"}],"wp:term":[{"taxonomy":"category","embeddable":true,"href":"https:\/\/graenaorkan.is\/index.php?rest_route=%2Fwp%2Fv2%2Fcategories&post=1375"},{"taxonomy":"post_tag","embeddable":true,"href":"https:\/\/graenaorkan.is\/index.php?rest_route=%2Fwp%2Fv2%2Ftags&post=1375"}],"curies":[{"name":"wp","href":"https:\/\/api.w.org\/{rel}","templated":true}]}}