{"id":1378,"date":"2016-06-20T10:04:21","date_gmt":"2016-06-20T10:04:21","guid":{"rendered":"http:\/\/graenaorkan.is\/?p=1378"},"modified":"2016-06-22T09:39:52","modified_gmt":"2016-06-22T09:39:52","slug":"1378","status":"publish","type":"post","link":"https:\/\/graenaorkan.is\/?p=1378","title":{"rendered":"\u00deings\u00e1lyktunartillaga um orkuskipti kynnt \u00e1 vor\u00feingi"},"content":{"rendered":"<div><a href=\"http:\/\/www.althingi.is\/altext\/145\/s\/1405.html\">\u00deings\u00e1lyktunartillaga<\/a>\u00a0um orkuskipti\u00a0var l\u00f6g\u00f0 fram \u00e1 lokad\u00f6gum vor\u00feingsins til kynningar en h\u00fan er hluti af s\u00f3knar\u00e1\u00e6tlun stj\u00f3rnvalda \u00ed loftslagsm\u00e1lum. Tillagan er unnin \u00ed samstarfi vi\u00f0\u00a0<a href=\"https:\/\/graenaorkan.is\/\">Gr\u00e6nu orkuna, samstarfsvettvang um orkuskipti<\/a>\u00a0og felur h\u00fan \u00ed s\u00e9r\u00a0markmi\u00f0 um orkuskipti \u00e1 landi, l\u00e1\u00f0i og legi sem n\u00e1 allt til \u00e1rsins 2030. \u00a0 \u00a0\u00cd till\u00f6gunni er a\u00f0ger\u00f0ar\u00e1\u00e6tlun \u00ed 25 li\u00f0um sem mi\u00f0a a\u00f0 \u00fev\u00ed a\u00f0 draga kerfisbundi\u00f0 \u00far notkun jar\u00f0efnaeldsneytis og er m.a. stefnt a\u00f0 \u00fev\u00ed a\u00f0 endurn\u00fdjanleg orka \u00ed samg\u00f6ngum \u00e1 landi ver\u00f0i 30% og 10% \u00e1 hafi \u00e1ri\u00f0 2030.<\/div>\n<div>Sj\u00e1 \u00feings\u00e1lyktunartill\u00f6guna \u00ed heild sinni <a href=\"http:\/\/www.althingi.is\/altext\/145\/s\/1405.html\" target=\"_blank\">h\u00e9r<\/a>.<\/div>\n<div><a href=\"https:\/\/graenaorkan.is\/wp-content\/uploads\/2016\/06\/GO-orkuskipti-\u00ed-samg\u00f6ngum.png\"><img decoding=\"async\" loading=\"lazy\" class=\"aligncenter size-medium wp-image-1379\" title=\"GO orkuskipti \u00ed samg\u00f6ngum\" src=\"https:\/\/graenaorkan.is\/wp-content\/uploads\/2016\/06\/GO-orkuskipti-\u00ed-samg\u00f6ngum-300x140.png\" alt=\"\" width=\"300\" height=\"140\" srcset=\"https:\/\/graenaorkan.is\/wp-content\/uploads\/2016\/06\/GO-orkuskipti-\u00ed-samg\u00f6ngum-300x140.png 300w, https:\/\/graenaorkan.is\/wp-content\/uploads\/2016\/06\/GO-orkuskipti-\u00ed-samg\u00f6ngum-420x196.png 420w, https:\/\/graenaorkan.is\/wp-content\/uploads\/2016\/06\/GO-orkuskipti-\u00ed-samg\u00f6ngum.png 443w\" sizes=\"(max-width: 300px) 100vw, 300px\" \/><\/a><\/div>\n","protected":false},"excerpt":{"rendered":"<p>\u00deings\u00e1lyktunartillaga\u00a0um orkuskipti\u00a0var l\u00f6g\u00f0 fram \u00e1 lokad\u00f6gum vor\u00feingsins til kynningar en h\u00fan er hluti af s\u00f3knar\u00e1\u00e6tlun stj\u00f3rnvalda \u00ed loftslagsm\u00e1lum. Tillagan er unnin \u00ed samstarfi vi\u00f0\u00a0Gr\u00e6nu orkuna, samstarfsvettvang um orkuskipti\u00a0og felur h\u00fan \u00ed s\u00e9r\u00a0markmi\u00f0 um orkuskipti \u00e1 landi, l\u00e1\u00f0i og legi sem &hellip; <a href=\"https:\/\/graenaorkan.is\/?p=1378\">Continue reading <span class=\"meta-nav\">&rarr;<\/span><\/a><\/p>\n","protected":false},"author":5,"featured_media":0,"comment_status":"open","ping_status":"open","sticky":false,"template":"","format":"standard","meta":[],"categories":[20,18,21],"tags":[],"_links":{"self":[{"href":"https:\/\/graenaorkan.is\/index.php?rest_route=\/wp\/v2\/posts\/1378"}],"collection":[{"href":"https:\/\/graenaorkan.is\/index.php?rest_route=\/wp\/v2\/posts"}],"about":[{"href":"https:\/\/graenaorkan.is\/index.php?rest_route=\/wp\/v2\/types\/post"}],"author":[{"embeddable":true,"href":"https:\/\/graenaorkan.is\/index.php?rest_route=\/wp\/v2\/users\/5"}],"replies":[{"embeddable":true,"href":"https:\/\/graenaorkan.is\/index.php?rest_route=%2Fwp%2Fv2%2Fcomments&post=1378"}],"version-history":[{"count":3,"href":"https:\/\/graenaorkan.is\/index.php?rest_route=\/wp\/v2\/posts\/1378\/revisions"}],"predecessor-version":[{"id":1387,"href":"https:\/\/graenaorkan.is\/index.php?rest_route=\/wp\/v2\/posts\/1378\/revisions\/1387"}],"wp:attachment":[{"href":"https:\/\/graenaorkan.is\/index.php?rest_route=%2Fwp%2Fv2%2Fmedia&parent=1378"}],"wp:term":[{"taxonomy":"category","embeddable":true,"href":"https:\/\/graenaorkan.is\/index.php?rest_route=%2Fwp%2Fv2%2Fcategories&post=1378"},{"taxonomy":"post_tag","embeddable":true,"href":"https:\/\/graenaorkan.is\/index.php?rest_route=%2Fwp%2Fv2%2Ftags&post=1378"}],"curies":[{"name":"wp","href":"https:\/\/api.w.org\/{rel}","templated":true}]}}