{"id":1389,"date":"2016-06-22T11:23:54","date_gmt":"2016-06-22T11:23:54","guid":{"rendered":"http:\/\/graenaorkan.is\/?p=1389"},"modified":"2016-06-22T11:23:54","modified_gmt":"2016-06-22T11:23:54","slug":"nissan-throar-efnarafala-fyrir-etanol","status":"publish","type":"post","link":"https:\/\/graenaorkan.is\/?p=1389","title":{"rendered":"Nissan \u00fer\u00f3ar efnarafala fyrir etan\u00f3l"},"content":{"rendered":"<p>Nissan tilkynnti n\u00fdveri\u00f0 a\u00f0 fyrirt\u00e6ki\u00f0 \u00e6tla\u00f0i \u00f3hef\u00f0bundna lei\u00f0 mi\u00f0a\u00f0 vi\u00f0 marga keppinauta s\u00edna var\u00f0andi bifrei\u00f0ar me\u00f0 efnarafala. Japanski b\u00edlaframlei\u00f0andinn hefur \u00ed hyggju a\u00f0 \u00fer\u00f3a efnarafala fyrir etan\u00f3l \u00ed sta\u00f0 vetnis, sem Hyundai og Toyota hafa \u00feegar gert. Nissan \u00e1\u00e6tlar a\u00f0 bifrei\u00f0arnar ver\u00f0i komnar \u00e1 almennan marka\u00f0 \u00e1ri\u00f0 2020.<\/p>\n<p>Sj\u00e1 n\u00e1nar <a href=\"http:\/\/www.greencarreports.com\/news\/1104467_nissan-takes-a-different-approach-to-fuel-cells-ethanol\" target=\"_blank\">h\u00e9r<\/a>.<\/p>\n","protected":false},"excerpt":{"rendered":"<p>Nissan tilkynnti n\u00fdveri\u00f0 a\u00f0 fyrirt\u00e6ki\u00f0 \u00e6tla\u00f0i \u00f3hef\u00f0bundna lei\u00f0 mi\u00f0a\u00f0 vi\u00f0 marga keppinauta s\u00edna var\u00f0andi bifrei\u00f0ar me\u00f0 efnarafala. Japanski b\u00edlaframlei\u00f0andinn hefur \u00ed hyggju a\u00f0 \u00fer\u00f3a efnarafala fyrir etan\u00f3l \u00ed sta\u00f0 vetnis, sem Hyundai og Toyota hafa \u00feegar gert. Nissan \u00e1\u00e6tlar a\u00f0 &hellip; <a href=\"https:\/\/graenaorkan.is\/?p=1389\">Continue reading <span class=\"meta-nav\">&rarr;<\/span><\/a><\/p>\n","protected":false},"author":5,"featured_media":0,"comment_status":"open","ping_status":"open","sticky":false,"template":"","format":"standard","meta":[],"categories":[3,22],"tags":[],"_links":{"self":[{"href":"https:\/\/graenaorkan.is\/index.php?rest_route=\/wp\/v2\/posts\/1389"}],"collection":[{"href":"https:\/\/graenaorkan.is\/index.php?rest_route=\/wp\/v2\/posts"}],"about":[{"href":"https:\/\/graenaorkan.is\/index.php?rest_route=\/wp\/v2\/types\/post"}],"author":[{"embeddable":true,"href":"https:\/\/graenaorkan.is\/index.php?rest_route=\/wp\/v2\/users\/5"}],"replies":[{"embeddable":true,"href":"https:\/\/graenaorkan.is\/index.php?rest_route=%2Fwp%2Fv2%2Fcomments&post=1389"}],"version-history":[{"count":1,"href":"https:\/\/graenaorkan.is\/index.php?rest_route=\/wp\/v2\/posts\/1389\/revisions"}],"predecessor-version":[{"id":1390,"href":"https:\/\/graenaorkan.is\/index.php?rest_route=\/wp\/v2\/posts\/1389\/revisions\/1390"}],"wp:attachment":[{"href":"https:\/\/graenaorkan.is\/index.php?rest_route=%2Fwp%2Fv2%2Fmedia&parent=1389"}],"wp:term":[{"taxonomy":"category","embeddable":true,"href":"https:\/\/graenaorkan.is\/index.php?rest_route=%2Fwp%2Fv2%2Fcategories&post=1389"},{"taxonomy":"post_tag","embeddable":true,"href":"https:\/\/graenaorkan.is\/index.php?rest_route=%2Fwp%2Fv2%2Ftags&post=1389"}],"curies":[{"name":"wp","href":"https:\/\/api.w.org\/{rel}","templated":true}]}}