{"id":1391,"date":"2016-06-29T11:54:20","date_gmt":"2016-06-29T11:54:20","guid":{"rendered":"http:\/\/graenaorkan.is\/?p=1391"},"modified":"2016-06-29T11:54:20","modified_gmt":"2016-06-29T11:54:20","slug":"orkusjodur-auglysir-eftir-styrkjum-til-uppbygginga-innvida-fyrir-rafbila","status":"publish","type":"post","link":"https:\/\/graenaorkan.is\/?p=1391","title":{"rendered":"Orkusj\u00f3\u00f0ur augl\u00fdsir eftir styrkjum til uppbygginga innvi\u00f0a fyrir rafb\u00edla"},"content":{"rendered":"<p>Orkusj\u00f3\u00f0ur hefur augl\u00fdst eftir ums\u00f3knum um styrki til uppbyggingar innvi\u00f0a fyrir rafb\u00edla \u00e1 landsv\u00edsu. \u00deetta er eitt af 16 verkefnum sem kynnt voru sem hluti af <a href=\"https:\/\/www.umhverfisraduneyti.is\/media\/PDF_skrar\/Soknaraaetlun---Vidauki.pdf\" target=\"_blank\">s\u00f3knar\u00e1\u00e6tlun<\/a> r\u00edkisstj\u00f3rnar \u00ed loftslagsm\u00e1lum \u00ed desember s\u00ed\u00f0astli\u00f0num.<\/p>\n<p>Sj\u00e1 augl\u00fdsingu <a href=\"http:\/\/os.is\/orkustofnun\/frettir\/nr\/1780\" target=\"_blank\">Orkusj\u00f3\u00f0s<\/a> <a href=\"http:\/\/os.is\/gogn\/Frettir\/Orkusjodur-innvidir-28-06-16.pdf\" target=\"_blank\">h\u00e9r<\/a>.<\/p>\n<p><a href=\"https:\/\/graenaorkan.is\/wp-content\/uploads\/2016\/06\/fast-charging-cars.jpg\"><img decoding=\"async\" loading=\"lazy\" class=\"aligncenter size-medium wp-image-1393\" title=\"fast charging cars\" src=\"https:\/\/graenaorkan.is\/wp-content\/uploads\/2016\/06\/fast-charging-cars-300x168.jpg\" alt=\"\" width=\"300\" height=\"168\" srcset=\"https:\/\/graenaorkan.is\/wp-content\/uploads\/2016\/06\/fast-charging-cars-300x168.jpg 300w, https:\/\/graenaorkan.is\/wp-content\/uploads\/2016\/06\/fast-charging-cars-355x200.jpg 355w, https:\/\/graenaorkan.is\/wp-content\/uploads\/2016\/06\/fast-charging-cars-500x281.jpg 500w, https:\/\/graenaorkan.is\/wp-content\/uploads\/2016\/06\/fast-charging-cars.jpg 638w\" sizes=\"(max-width: 300px) 100vw, 300px\" \/><\/a><\/p>\n<p>&nbsp;<\/p>\n<p>&nbsp;<\/p>\n","protected":false},"excerpt":{"rendered":"<p>Orkusj\u00f3\u00f0ur hefur augl\u00fdst eftir ums\u00f3knum um styrki til uppbyggingar innvi\u00f0a fyrir rafb\u00edla \u00e1 landsv\u00edsu. \u00deetta er eitt af 16 verkefnum sem kynnt voru sem hluti af s\u00f3knar\u00e1\u00e6tlun r\u00edkisstj\u00f3rnar \u00ed loftslagsm\u00e1lum \u00ed desember s\u00ed\u00f0astli\u00f0num. Sj\u00e1 augl\u00fdsingu Orkusj\u00f3\u00f0s h\u00e9r. &nbsp; &nbsp;<\/p>\n","protected":false},"author":5,"featured_media":0,"comment_status":"open","ping_status":"open","sticky":false,"template":"","format":"standard","meta":[],"categories":[17,1,10,19],"tags":[],"_links":{"self":[{"href":"https:\/\/graenaorkan.is\/index.php?rest_route=\/wp\/v2\/posts\/1391"}],"collection":[{"href":"https:\/\/graenaorkan.is\/index.php?rest_route=\/wp\/v2\/posts"}],"about":[{"href":"https:\/\/graenaorkan.is\/index.php?rest_route=\/wp\/v2\/types\/post"}],"author":[{"embeddable":true,"href":"https:\/\/graenaorkan.is\/index.php?rest_route=\/wp\/v2\/users\/5"}],"replies":[{"embeddable":true,"href":"https:\/\/graenaorkan.is\/index.php?rest_route=%2Fwp%2Fv2%2Fcomments&post=1391"}],"version-history":[{"count":1,"href":"https:\/\/graenaorkan.is\/index.php?rest_route=\/wp\/v2\/posts\/1391\/revisions"}],"predecessor-version":[{"id":1394,"href":"https:\/\/graenaorkan.is\/index.php?rest_route=\/wp\/v2\/posts\/1391\/revisions\/1394"}],"wp:attachment":[{"href":"https:\/\/graenaorkan.is\/index.php?rest_route=%2Fwp%2Fv2%2Fmedia&parent=1391"}],"wp:term":[{"taxonomy":"category","embeddable":true,"href":"https:\/\/graenaorkan.is\/index.php?rest_route=%2Fwp%2Fv2%2Fcategories&post=1391"},{"taxonomy":"post_tag","embeddable":true,"href":"https:\/\/graenaorkan.is\/index.php?rest_route=%2Fwp%2Fv2%2Ftags&post=1391"}],"curies":[{"name":"wp","href":"https:\/\/api.w.org\/{rel}","templated":true}]}}