{"id":1397,"date":"2016-07-06T09:15:56","date_gmt":"2016-07-06T09:15:56","guid":{"rendered":"http:\/\/graenaorkan.is\/?p=1397"},"modified":"2016-07-06T09:15:56","modified_gmt":"2016-07-06T09:15:56","slug":"enn-ivilna-vestraen-riki-jardefnaeldsneyti","status":"publish","type":"post","link":"https:\/\/graenaorkan.is\/?p=1397","title":{"rendered":"Enn \u00edvilna vestr\u00e6n r\u00edki jar\u00f0efnaeldsneyti"},"content":{"rendered":"<p style=\"text-align: left;\">\u00der\u00e1tt fyrir \u00e1ratugalanga umr\u00e6\u00f0u um gr\u00f3\u00f0urh\u00fasa\u00e1hrif og hnattr\u00e6na hl\u00fdnun er jar\u00f0efnaeldsneyti v\u00ed\u00f0a enn \u00edvilna\u00f0 sem gerir \u00fea\u00f0 a\u00f0 verkum a\u00f0 \u00fea\u00f0 vistv\u00e6nt eldsneyti og endurn\u00fdjanlegir orkugjafar eru s\u00ed\u00f0ur samkeppnish\u00e6ft \u00e1 marka\u00f0i. N\u00fa \u00ed s\u00ed\u00f0ustu viku \u00e1 fundi<span style=\"font-weight: 300;\">\u00a0G20, h\u00f3pi 20 r\u00edkja me\u00f0 st\u00e6rstu hagkerfi heims, t\u00f3kst enn ekki a\u00f0 n\u00e1 s\u00e1tt um<\/span><span style=\"font-weight: 300;\">\u00a0hvernig draga m\u00e6tti \u00far \u00edvilnunum \u00a0vegna jar\u00f0efnaeldsneytis. \u00dear st\u00f3\u00f0u S\u00e1di Arabar helst \u00ed vegi fyrir \u00fev\u00ed a\u00f0 samkomulag n\u00e6\u00f0ist \u00fer\u00e1tt fyrir a\u00f0 \u00feeir hafi \u00feegar byrja\u00f0 a\u00f0 draga \u00far ni\u00f0urgrei\u00f0slu \u00e1 jar\u00f0efnaeldsneyti heima fyrir.<\/span><\/p>\n<p style=\"text-align: left;\">Sj\u00e1 n\u00e1nar \u00ed fr\u00e9tt <a href=\"https:\/\/www.washingtonpost.com\/world\/richest-nations-fail-to-agree-on-deadline-to-phase-out-fossil-fuel-subsidies\/2016\/07\/01\/7db563fb-42f0-46c8-bea4-2fcfc0f48c69_story.html\" target=\"_blank\">Washington Post<\/a>.<\/p>\n","protected":false},"excerpt":{"rendered":"<p>\u00der\u00e1tt fyrir \u00e1ratugalanga umr\u00e6\u00f0u um gr\u00f3\u00f0urh\u00fasa\u00e1hrif og hnattr\u00e6na hl\u00fdnun er jar\u00f0efnaeldsneyti v\u00ed\u00f0a enn \u00edvilna\u00f0 sem gerir \u00fea\u00f0 a\u00f0 verkum a\u00f0 \u00fea\u00f0 vistv\u00e6nt eldsneyti og endurn\u00fdjanlegir orkugjafar eru s\u00ed\u00f0ur samkeppnish\u00e6ft \u00e1 marka\u00f0i. N\u00fa \u00ed s\u00ed\u00f0ustu viku \u00e1 fundi\u00a0G20, h\u00f3pi 20 r\u00edkja &hellip; <a href=\"https:\/\/graenaorkan.is\/?p=1397\">Continue reading <span class=\"meta-nav\">&rarr;<\/span><\/a><\/p>\n","protected":false},"author":5,"featured_media":0,"comment_status":"open","ping_status":"open","sticky":false,"template":"","format":"standard","meta":[],"categories":[15,16,20,21],"tags":[],"_links":{"self":[{"href":"https:\/\/graenaorkan.is\/index.php?rest_route=\/wp\/v2\/posts\/1397"}],"collection":[{"href":"https:\/\/graenaorkan.is\/index.php?rest_route=\/wp\/v2\/posts"}],"about":[{"href":"https:\/\/graenaorkan.is\/index.php?rest_route=\/wp\/v2\/types\/post"}],"author":[{"embeddable":true,"href":"https:\/\/graenaorkan.is\/index.php?rest_route=\/wp\/v2\/users\/5"}],"replies":[{"embeddable":true,"href":"https:\/\/graenaorkan.is\/index.php?rest_route=%2Fwp%2Fv2%2Fcomments&post=1397"}],"version-history":[{"count":1,"href":"https:\/\/graenaorkan.is\/index.php?rest_route=\/wp\/v2\/posts\/1397\/revisions"}],"predecessor-version":[{"id":1398,"href":"https:\/\/graenaorkan.is\/index.php?rest_route=\/wp\/v2\/posts\/1397\/revisions\/1398"}],"wp:attachment":[{"href":"https:\/\/graenaorkan.is\/index.php?rest_route=%2Fwp%2Fv2%2Fmedia&parent=1397"}],"wp:term":[{"taxonomy":"category","embeddable":true,"href":"https:\/\/graenaorkan.is\/index.php?rest_route=%2Fwp%2Fv2%2Fcategories&post=1397"},{"taxonomy":"post_tag","embeddable":true,"href":"https:\/\/graenaorkan.is\/index.php?rest_route=%2Fwp%2Fv2%2Ftags&post=1397"}],"curies":[{"name":"wp","href":"https:\/\/api.w.org\/{rel}","templated":true}]}}